{"id":6846,"date":"2014-12-30T23:38:03","date_gmt":"2014-12-30T23:38:03","guid":{"rendered":"http:\/\/www.ecuadoraldia.com.ec\/?p=6846"},"modified":"2014-12-30T23:38:03","modified_gmt":"2014-12-30T23:38:03","slug":"creador-de-el-chavo-del-8-gigante-acepta-regalarle-el-monigote-al-hijo-de-chespirito","status":"publish","type":"post","link":"https:\/\/www.ecuadoraldia.com.ec\/?p=6846","title":{"rendered":"Creador de &#8216;El chavo del 8&#8217; gigante acepta regalarle el monigote al hijo de &#8216;Chespirito&#8217;"},"content":{"rendered":"<p style=\"text-align: justify;\"><a href=\"http:\/\/www.ecuadoraldia.com.ec\/wp-content\/uploads\/2014\/12\/dchavo05.jpg\"><img loading=\"lazy\" decoding=\"async\" class=\"alignleft size-medium wp-image-6847\" src=\"http:\/\/www.ecuadoraldia.com.ec\/wp-content\/uploads\/2014\/12\/dchavo05-300x199.jpg\" alt=\"GYE A\u00d1OS VIEJOS GIGANTES.\" width=\"300\" height=\"199\" srcset=\"https:\/\/www.ecuadoraldia.com.ec\/wp-content\/uploads\/2014\/12\/dchavo05-300x199.jpg 300w, https:\/\/www.ecuadoraldia.com.ec\/wp-content\/uploads\/2014\/12\/dchavo05.jpg 800w\" sizes=\"(max-width: 300px) 100vw, 300px\" \/><\/a>Walter Cede\u00f1o Torres, creador del monigote gigante de &#8216;El Chavo del 8&#8217; exhibido en las calles 28 y Argentina, est\u00e1 dispuesto a regalarle su escultura de cart\u00f3n a Roberto G\u00f3mez Fern\u00e1ndez, hijo de &#8216;Chespirito&#8217; luego de conocer sobre la existencia del mu\u00f1eco de 8 metros a trav\u00e9s de Twitter.<\/p>\n<p style=\"text-align: justify;\">\u201c Yo con todo gusto y de todo coraz\u00f3n (&#8230;) si desean el monigote lo pueden llevar. Se los obsequio\u201d, dijo Cede\u00f1o Torres al conocer la intenci\u00f3n del productor mexicano por medio de este Diario.<\/p>\n<p style=\"text-align: justify;\">Roberto G\u00f3mez Fern\u00e1ndez, productor de telenovelas como \u2018El color de la pasi\u00f3n\u2019, \u2018Cachito de cielo\u2019, entre otras, se enter\u00f3 de la existencia del gigante a\u00f1o viejo, luego que Joshua Iglesias (@iglesiasjosh) lo etiquetara con una foto del mu\u00f1eco y una breve explicaci\u00f3n sobre la costumbre de quemar monigotes la noche del 31 de diciembre.<\/p>\n<p style=\"text-align: justify;\">\u00abY si mejor nos lo regalan&#8230;?\u00bb escribi\u00f3 de inmediato el productor ejecutivo de la telenovela \u2018Alguna vez tendremos alas\u2019.<br \/>\n<iframe loading=\"lazy\" width=\"800\" height=\"450\" src=\"https:\/\/www.youtube.com\/embed\/G9LJSnDfpIA?feature=oembed\" frameborder=\"0\" allowfullscreen><\/iframe><br \/>\nSeg\u00fan Cede\u00f1o Torres, quien es ingeniero de profesi\u00f3n y trabaja como contador en una empresa, el a\u00f1o viejo lo elabor\u00f3 con los ni\u00f1os del barrio a quienes fomenta las buenas costumbres y h\u00e1bitos para que se mantengan alejados de las drogas y el alcoholismo.<\/p>\n<p style=\"text-align: justify;\">\u201cNo tengo ning\u00fan problema si quiere que se lo regale. Para nosotros ser\u00eda maravilloso porque mi generaci\u00f3n creci\u00f3 con los buenos mensajes que Chespirito nos transmiti\u00f3 a trav\u00e9s de las series\u201d, dijo. (El tel\u00e9grafo)<\/p>\n","protected":false},"excerpt":{"rendered":"<p>Walter Cede\u00f1o Torres, creador del monigote gigante de &#8216;El Chavo del 8&#8217; exhibido en las calles 28 y Argentina, est\u00e1<\/p>\n","protected":false},"author":1,"featured_media":0,"comment_status":"open","ping_status":"open","sticky":false,"template":"","format":"standard","meta":{"footnotes":""},"categories":[4],"tags":[],"_links":{"self":[{"href":"https:\/\/www.ecuadoraldia.com.ec\/index.php?rest_route=\/wp\/v2\/posts\/6846"}],"collection":[{"href":"https:\/\/www.ecuadoraldia.com.ec\/index.php?rest_route=\/wp\/v2\/posts"}],"about":[{"href":"https:\/\/www.ecuadoraldia.com.ec\/index.php?rest_route=\/wp\/v2\/types\/post"}],"author":[{"embeddable":true,"href":"https:\/\/www.ecuadoraldia.com.ec\/index.php?rest_route=\/wp\/v2\/users\/1"}],"replies":[{"embeddable":true,"href":"https:\/\/www.ecuadoraldia.com.ec\/index.php?rest_route=%2Fwp%2Fv2%2Fcomments&post=6846"}],"version-history":[{"count":1,"href":"https:\/\/www.ecuadoraldia.com.ec\/index.php?rest_route=\/wp\/v2\/posts\/6846\/revisions"}],"predecessor-version":[{"id":6848,"href":"https:\/\/www.ecuadoraldia.com.ec\/index.php?rest_route=\/wp\/v2\/posts\/6846\/revisions\/6848"}],"wp:attachment":[{"href":"https:\/\/www.ecuadoraldia.com.ec\/index.php?rest_route=%2Fwp%2Fv2%2Fmedia&parent=6846"}],"wp:term":[{"taxonomy":"category","embeddable":true,"href":"https:\/\/www.ecuadoraldia.com.ec\/index.php?rest_route=%2Fwp%2Fv2%2Fcategories&post=6846"},{"taxonomy":"post_tag","embeddable":true,"href":"https:\/\/www.ecuadoraldia.com.ec\/index.php?rest_route=%2Fwp%2Fv2%2Ftags&post=6846"}],"curies":[{"name":"wp","href":"https:\/\/api.w.org\/{rel}","templated":true}]}}