{"id":688,"date":"2013-09-06T22:06:40","date_gmt":"2013-09-06T22:06:40","guid":{"rendered":"http:\/\/www.ecuadoraldia.com.ec\/?p=688"},"modified":"2013-09-06T22:06:40","modified_gmt":"2013-09-06T22:06:40","slug":"comisiones-aprueban-informes-que-avalan-explotacion-en-el-yasuni","status":"publish","type":"post","link":"https:\/\/www.ecuadoraldia.com.ec\/?p=688","title":{"rendered":"Comisiones aprueban informes que avalan explotaci\u00f3n en el Yasun\u00ed"},"content":{"rendered":"<figure id=\"attachment_689\" aria-describedby=\"caption-attachment-689\" style=\"width: 300px\" class=\"wp-caption alignleft\"><a href=\"http:\/\/www.ecuadoraldia.com.ec\/wp-content\/uploads\/2013\/09\/asamblea-yasuni.png\"><img loading=\"lazy\" decoding=\"async\" class=\"size-medium wp-image-689\" alt=\"Comisi{on de la asamblea\" src=\"http:\/\/www.ecuadoraldia.com.ec\/wp-content\/uploads\/2013\/09\/asamblea-yasuni-300x187.png\" width=\"300\" height=\"187\" srcset=\"https:\/\/www.ecuadoraldia.com.ec\/wp-content\/uploads\/2013\/09\/asamblea-yasuni-300x187.png 300w, https:\/\/www.ecuadoraldia.com.ec\/wp-content\/uploads\/2013\/09\/asamblea-yasuni.png 354w\" sizes=\"(max-width: 300px) 100vw, 300px\" \/><\/a><figcaption id=\"caption-attachment-689\" class=\"wp-caption-text\">Comisi{on de la asamblea<\/figcaption><\/figure>\n<p>Los miembros de la Comisi\u00f3n de Desarrollo Econ\u00f3mico analizaron la vialidad de los informes de los ministerios correspondientes y recibieron observaciones de la ciudadan\u00eda. Foto: John Guevara<br \/>\nLos miembros de la Comisi\u00f3n de Desarrollo Econ\u00f3mico analizaron la vialidad de los informes de los ministerios correspondientes y recibieron observaciones de la ciudadan\u00eda. Foto: John Guevara<\/p>\n<p>Este viernes las comisiones de Justicia, Desarrollo Econ\u00f3mico y Derechos Colectivos, se pronunciaron a favor del pedido del Ejecutivo para declarar de inter\u00e9s nacional la explotaci\u00f3n de los campos 31 y 43 del Parque Yasun\u00ed.<\/p>\n<p>En la mesa de Desarrollo Econ\u00f3mico el informe fue aprobado con 7 votos a favor, 1 en contra y 2 abstenciones. Su titular Juan Carlos Cassinelli destac\u00f3 que los recursos productos de la explotaci\u00f3n que ingresen a la econom\u00eda nacional \u00abposibilitar\u00edan, por un lado, un aceleramiento en todos esos procesos que est\u00e1n en el Plan Nacional de Desarrollo, y a nivel seccional de los Gobiernos Aut\u00f3nomos significar\u00eda un impacto enorme en su presupuesto, que obviamente permitir\u00eda dotar de servicios p\u00fablicos a toda la ciudanan\u00eda\u00bb.<\/p>\n<p>En la comisi\u00f3n de Justicia as\u00ed como en la de Derechos Colectivos la aprobaci\u00f3n se dio con 8 votos a favor y tres en contra. \u00c9stas se suman a la comisi\u00f3n de Gobiernos Aut\u00f3nomos y Descentralizados, que ayer emiti\u00f3 un pronunciamiento favorable a la explotaci\u00f3n, pero cuidando en afectar en lo m\u00ednimo posible a la naturaleza.<\/p>\n<p>La Comisi\u00f3n de Biodiversidad, encargada la elaboraci\u00f3n del informe que ser\u00e1 discutido en primer debate en sesi\u00f3n del Pleno, recibir\u00e1 la pr\u00f3xima semana a los presidentes de las otras comisiones para que expliquen los informes que han elaborado. Tambi\u00e9n ir\u00e1n los ministros de Recursos Naturales no Renovables y de Medio Ambiente, Pedro Merizalde y Lorena Tapia, respectivamente.<\/p>\n<p>Igualmente, los parlamentarios se reunir\u00e1n con representantes de distintas organizaciones sociales, colectivos y dem\u00e1s sectores de la ciudadan\u00eda que est\u00e9n interesados en dar sus criterios y opiniones sobre la propuesta del Ejecutivo.<\/p>\n<p>Esta ma\u00f1ana, el presidente Rafael Correa reiter\u00f3 sus cuestionamientos a que el tema haya sido politizado por ciertos grupos. \u00abLo que hacen es politiquer\u00eda. Hoy es el Yasun\u00ed, ayer fue la evaluaci\u00f3n de maestros, despu\u00e9s fue la Ley de Aguas (&#8230;), se opusieron al Bachillerato Unificado, se han opuesto a todo, que no se enga\u00f1en. Es un pretexto m\u00e1s para tirar piedras, ver si desestabilizamos al gobierno (&#8230;) Y ser\u00e1n vencidos nuevamente, yo no le temo a una consulta popular\u00bb, sostuvo Correa desde Zumba, Zamora Chinchipe.<\/p>\n","protected":false},"excerpt":{"rendered":"<p>Los miembros de la Comisi\u00f3n de Desarrollo Econ\u00f3mico analizaron la vialidad de los informes de los ministerios correspondientes y recibieron<\/p>\n","protected":false},"author":1,"featured_media":0,"comment_status":"open","ping_status":"open","sticky":false,"template":"","format":"standard","meta":{"footnotes":""},"categories":[1],"tags":[],"_links":{"self":[{"href":"https:\/\/www.ecuadoraldia.com.ec\/index.php?rest_route=\/wp\/v2\/posts\/688"}],"collection":[{"href":"https:\/\/www.ecuadoraldia.com.ec\/index.php?rest_route=\/wp\/v2\/posts"}],"about":[{"href":"https:\/\/www.ecuadoraldia.com.ec\/index.php?rest_route=\/wp\/v2\/types\/post"}],"author":[{"embeddable":true,"href":"https:\/\/www.ecuadoraldia.com.ec\/index.php?rest_route=\/wp\/v2\/users\/1"}],"replies":[{"embeddable":true,"href":"https:\/\/www.ecuadoraldia.com.ec\/index.php?rest_route=%2Fwp%2Fv2%2Fcomments&post=688"}],"version-history":[{"count":1,"href":"https:\/\/www.ecuadoraldia.com.ec\/index.php?rest_route=\/wp\/v2\/posts\/688\/revisions"}],"predecessor-version":[{"id":690,"href":"https:\/\/www.ecuadoraldia.com.ec\/index.php?rest_route=\/wp\/v2\/posts\/688\/revisions\/690"}],"wp:attachment":[{"href":"https:\/\/www.ecuadoraldia.com.ec\/index.php?rest_route=%2Fwp%2Fv2%2Fmedia&parent=688"}],"wp:term":[{"taxonomy":"category","embeddable":true,"href":"https:\/\/www.ecuadoraldia.com.ec\/index.php?rest_route=%2Fwp%2Fv2%2Fcategories&post=688"},{"taxonomy":"post_tag","embeddable":true,"href":"https:\/\/www.ecuadoraldia.com.ec\/index.php?rest_route=%2Fwp%2Fv2%2Ftags&post=688"}],"curies":[{"name":"wp","href":"https:\/\/api.w.org\/{rel}","templated":true}]}}