{"id":691,"date":"2013-09-10T15:49:36","date_gmt":"2013-09-10T15:49:36","guid":{"rendered":"http:\/\/www.ecuadoraldia.com.ec\/?p=691"},"modified":"2013-09-10T15:49:36","modified_gmt":"2013-09-10T15:49:36","slug":"christine-una-voz-bilingue-que-vive-libre-de-temores","status":"publish","type":"post","link":"https:\/\/www.ecuadoraldia.com.ec\/?p=691","title":{"rendered":"Christine, una voz biling\u00fce que vive libre de temores"},"content":{"rendered":"<p><a href=\"http:\/\/www.ecuadoraldia.com.ec\/wp-content\/uploads\/2013\/09\/cristine.jpg\"><img loading=\"lazy\" decoding=\"async\" class=\"alignleft size-medium wp-image-692\" alt=\"cristine\" src=\"http:\/\/www.ecuadoraldia.com.ec\/wp-content\/uploads\/2013\/09\/cristine-300x291.jpg\" width=\"300\" height=\"291\" srcset=\"https:\/\/www.ecuadoraldia.com.ec\/wp-content\/uploads\/2013\/09\/cristine-300x291.jpg 300w, https:\/\/www.ecuadoraldia.com.ec\/wp-content\/uploads\/2013\/09\/cristine.jpg 307w\" sizes=\"(max-width: 300px) 100vw, 300px\" \/><\/a>La cantante guayaquile\u00f1a, que reside en Estados Unidos, ahora presenta \u2018Ya no tengo miedo\u2019 que formar\u00e1 parte de su primer disco. La artista tiene previsto el lanzamiento de su \u00e1lbum a inicios del pr\u00f3ximo a\u00f1o.<\/p>\n<p>Christine Gonz\u00e1lez es su nombre completo, pero en el medio art\u00edstico se promociona solo como Christine. Ella no tiene miedo al que dir\u00e1n si la escuchan cantar en ingl\u00e9s aunque sus ra\u00edces sean ecuatorianas.<\/p>\n<p>Desarroll\u00f3 su talento gracias a las potencialidades innatas heredadas de una familia musical. Tal es el caso de sus parientes paternos Kiko y Patricia Gonz\u00e1lez, exponentes de gran trayectoria.<\/p>\n<p>Nacida en Guayaquil, comenz\u00f3 a cantar desde muy temprana edad tanto en ingl\u00e9s como en espa\u00f1ol debido a su doble nacionalidad, pues reside en Estados Unidos.<\/p>\n<p>Con el paso del tiempo ha perfeccionado sus aptitudes art\u00edsticas realizando estudios universitarios de m\u00fasica en Ecuador y Estados Unidos, que le sirvieron para mejorar y mantener su voz y aprender a tocar el piano y la guitarra.<\/p>\n<p>Ya han pasado tres a\u00f1os desde que empez\u00f3 a trabajar en su carrera musical, decisi\u00f3n que tom\u00f3 a los 18 a\u00f1os de edad. A partir de entonces se vincul\u00f3 con festivales y eventos p\u00fablicos de gran acogida, en los que ha recibido premios como mejor bailarina, animadora y cantante.<\/p>\n<p>Su sensibilidad y predisposici\u00f3n ante asuntos de la sociedad la han llevado a participar en distintas actividades como el programa \u2018Learning Ally\u2019, con el que graba audio-libros para ciegos y disl\u00e9xicos en Florida. Adem\u00e1s, es vocera de Aldeas SOS Ecuador, una organizaci\u00f3n que da a los hu\u00e9rfanos y los ni\u00f1os desplazados la oportunidad de vivir con una familia en un entorno administrado por esta instituci\u00f3n.<\/p>\n<p>Aunque reside en Estados Unidos, en 2012 estuvo varios meses en Ecuador para realizar su primera gira de medios y presentar su propuesta pop con \u2018Single\u2019 (\u2018Soltera\u2019) tema con el que fue nominada para la categor\u00eda \u2018Mejor artista en proyecci\u00f3n\u2019 en la premiaci\u00f3n de m\u00fasica Mis Bandas Nacionales (MBN), que se efectu\u00f3 en enero 2013.<\/p>\n<p>El video de \u2018Single\u2019 tuvo buena acogida en Estados Unidos, principalmente en Los \u00c1ngeles, Nueva York, Houston, Washington DC y Tampa, dice ella.<\/p>\n<p>Luego de su participaci\u00f3n en los MBN regres\u00f3 a Estados Unidos, en donde fue seleccionada para participar en el reality show por Internet, College Talk TV by Smartte, donde ella y otras j\u00f3venes, quienes demostraron ser l\u00edderes positivas y destacadas, tratan temas de inter\u00e9s para j\u00f3venes universitarias de ese pa\u00eds, que se transmite desde el mes pasado en la web.<\/p>\n<p>En agosto retorn\u00f3 a Ecuador. Permanecer\u00e1 entre Quito y Guayaquil hasta que termine el a\u00f1o, mientras produce su primer trabajo discogr\u00e1fico, que incluye temas que contrastan ideas entre el amor y el desamor.<\/p>\n<p>Para abarcar m\u00e1s p\u00fablico ecuatoriano, la guayaquile\u00f1a promociona \u2018Ya no tengo miedo\u2019, una de sus composiciones que incluir\u00e1 en el \u00e1lbum, que saldr\u00e1 al mercado con canciones rhythm and blues y pop. \u201cSoy una cantante biling\u00fce, as\u00ed que eleg\u00ed el ingl\u00e9s para darme a conocer en el medio y se me abrieron muchas puertas, pero mi segundo sencillo lo canto en espa\u00f1ol porque me siento bastante c\u00f3moda con ambos idiomas\u201d, manifiesta la cantante, quien creci\u00f3 escuchando a Madonna y la banda de rock estadounidense The Romantics, seg\u00fan cuenta.<\/p>\n<p>Los estudios universitarios de m\u00fasica espera completarlos con una carrera de dise\u00f1o de interiores, pues es una actividad a la que tambi\u00e9n espera dedicarse m\u00e1s adelante. \u201cEl dise\u00f1o me encanta. Desde ni\u00f1a he dise\u00f1ado ropa y eso me sirve ahora para rescatar mi imagen de artista. Yo elijo lo que quiero ponerme y espero en un futuro mostrar mis creaciones. Cuando entro a una tienda no busco la ropa del diario y la de artista, sino que siempre busco prendas que me sirvan para mi carrera de cantante. Los colores fuertes y llamativos me llaman la atenci\u00f3n cuando estoy de compras, especialmente los rosados\u201d, finaliza. (Texto y foto El telegrafo)<\/p>\n","protected":false},"excerpt":{"rendered":"<p>La cantante guayaquile\u00f1a, que reside en Estados Unidos, ahora presenta \u2018Ya no tengo miedo\u2019 que formar\u00e1 parte de su primer<\/p>\n","protected":false},"author":1,"featured_media":0,"comment_status":"open","ping_status":"open","sticky":false,"template":"","format":"standard","meta":{"footnotes":""},"categories":[1],"tags":[],"_links":{"self":[{"href":"https:\/\/www.ecuadoraldia.com.ec\/index.php?rest_route=\/wp\/v2\/posts\/691"}],"collection":[{"href":"https:\/\/www.ecuadoraldia.com.ec\/index.php?rest_route=\/wp\/v2\/posts"}],"about":[{"href":"https:\/\/www.ecuadoraldia.com.ec\/index.php?rest_route=\/wp\/v2\/types\/post"}],"author":[{"embeddable":true,"href":"https:\/\/www.ecuadoraldia.com.ec\/index.php?rest_route=\/wp\/v2\/users\/1"}],"replies":[{"embeddable":true,"href":"https:\/\/www.ecuadoraldia.com.ec\/index.php?rest_route=%2Fwp%2Fv2%2Fcomments&post=691"}],"version-history":[{"count":2,"href":"https:\/\/www.ecuadoraldia.com.ec\/index.php?rest_route=\/wp\/v2\/posts\/691\/revisions"}],"predecessor-version":[{"id":694,"href":"https:\/\/www.ecuadoraldia.com.ec\/index.php?rest_route=\/wp\/v2\/posts\/691\/revisions\/694"}],"wp:attachment":[{"href":"https:\/\/www.ecuadoraldia.com.ec\/index.php?rest_route=%2Fwp%2Fv2%2Fmedia&parent=691"}],"wp:term":[{"taxonomy":"category","embeddable":true,"href":"https:\/\/www.ecuadoraldia.com.ec\/index.php?rest_route=%2Fwp%2Fv2%2Fcategories&post=691"},{"taxonomy":"post_tag","embeddable":true,"href":"https:\/\/www.ecuadoraldia.com.ec\/index.php?rest_route=%2Fwp%2Fv2%2Ftags&post=691"}],"curies":[{"name":"wp","href":"https:\/\/api.w.org\/{rel}","templated":true}]}}