{"id":6938,"date":"2015-01-06T02:21:41","date_gmt":"2015-01-06T02:21:41","guid":{"rendered":"http:\/\/www.ecuadoraldia.com.ec\/?p=6938"},"modified":"2015-01-06T02:21:41","modified_gmt":"2015-01-06T02:21:41","slug":"chile-no-aceptara-mediaciones-ni-presiones-por-demanda-maritima-boliviana","status":"publish","type":"post","link":"https:\/\/www.ecuadoraldia.com.ec\/?p=6938","title":{"rendered":"Chile no aceptar\u00e1 mediaciones ni presiones por demanda mar\u00edtima boliviana"},"content":{"rendered":"<p style=\"text-align: justify;\"><a href=\"http:\/\/www.ecuadoraldia.com.ec\/wp-content\/uploads\/2015\/01\/chile.jpg\"><img loading=\"lazy\" decoding=\"async\" class=\"alignleft size-medium wp-image-6939\" src=\"http:\/\/www.ecuadoraldia.com.ec\/wp-content\/uploads\/2015\/01\/chile-300x239.jpg\" alt=\"chile\" width=\"300\" height=\"239\" srcset=\"https:\/\/www.ecuadoraldia.com.ec\/wp-content\/uploads\/2015\/01\/chile-300x239.jpg 300w, https:\/\/www.ecuadoraldia.com.ec\/wp-content\/uploads\/2015\/01\/chile.jpg 450w\" sizes=\"(max-width: 300px) 100vw, 300px\" \/><\/a>Agencia AFP. Chile no aceptar\u00e1 mediaciones ni presiones para resolver la demanda mar\u00edtima boliviana, debido a que este es un tema bilateral que ya est\u00e1 siendo tratado en la Corte Internacional de La Haya, declar\u00f3 este lunes el canciller chileno, Heraldo Mu\u00f1oz.<\/p>\n<p style=\"text-align: justify;\">\u00abChile no ha aceptado en el pasado, no acepta, ni aceptar\u00e1 mediaci\u00f3n alguna en un tema que es absolutamente bilateral y que le compete s\u00f3lo a Chile y Bolivia\u00bb, afirm\u00f3 Mu\u00f1oz en conferencia de prensa este lunes en Santiago.<\/p>\n<p style=\"text-align: justify;\">La declaraci\u00f3n del canciller chileno se produjo luego de que el presidente boliviano, Evo Morales, manifest\u00f3 el domingo que durante una visita al Vaticano el Papa Francisco le pidi\u00f3 \u00abdocumentaci\u00f3n\u00bb sobre la demanda mar\u00edtima de Bolivia.<\/p>\n<p style=\"text-align: justify;\">Morales dijo no estar seguro de si el Papa podr\u00eda mediar en el diferendo entre Chile y Bolivia, y declin\u00f3 dar mayores antecedentes sobre la entrega de informaci\u00f3n sobre la demanda boliviana que fue presentada en 2013 ante la Corte Internacional de Justicia de La Haya.<\/p>\n<p style=\"text-align: justify;\">\u00abChile nunca va a considerar, ni acepta, ni aceptar\u00e1 ceder territorio bajo presi\u00f3n ni mediaci\u00f3n de alguna especie, eso est\u00e1 meridianamente claro para nosotros, menos a\u00fan cuando hay un caso en La Haya\u00bb, reafirm\u00f3 el canciller Mu\u00f1oz.<\/p>\n<p style=\"text-align: justify;\">La demanda fue presentada ante el tribunal internacional para obligar a Chile a negociar una salida soberana al mar para Bolivia, luego de haber perdido sus \u00fanicas costas en el Pac\u00edfico en una guerra que enfrent\u00f3 a estos pa\u00edses a fines del siglo XIX.<\/p>\n<p style=\"text-align: justify;\">Chile argumenta que las consecuencias para Bolivia derivadas de este conflicto b\u00e9lico fueron resueltas con un tratado de paz que firmaron en 1904.<\/p>\n<p style=\"text-align: justify;\">El Estado chileno present\u00f3 en julio pasado una objeci\u00f3n ante La Haya para que se declare incompetente de juzgar la demanda. Bolivia respondi\u00f3 en noviembre solicitando al tribunal que se declare competente.<\/p>\n<p style=\"text-align: justify;\">La Haya deber\u00e1 resolver su competencia en el caso, antes de proseguir con el fondo de la demanda mar\u00edtima boliviana.<\/p>\n<p style=\"text-align: justify;\">A causa del diferendo mar\u00edtimo, Chile y Bolivia carecen de relaciones diplom\u00e1ticas desde 1978.<\/p>\n","protected":false},"excerpt":{"rendered":"<p>Agencia AFP. Chile no aceptar\u00e1 mediaciones ni presiones para resolver la demanda mar\u00edtima boliviana, debido a que este es un<\/p>\n","protected":false},"author":1,"featured_media":0,"comment_status":"open","ping_status":"open","sticky":false,"template":"","format":"standard","meta":{"footnotes":""},"categories":[7],"tags":[],"_links":{"self":[{"href":"https:\/\/www.ecuadoraldia.com.ec\/index.php?rest_route=\/wp\/v2\/posts\/6938"}],"collection":[{"href":"https:\/\/www.ecuadoraldia.com.ec\/index.php?rest_route=\/wp\/v2\/posts"}],"about":[{"href":"https:\/\/www.ecuadoraldia.com.ec\/index.php?rest_route=\/wp\/v2\/types\/post"}],"author":[{"embeddable":true,"href":"https:\/\/www.ecuadoraldia.com.ec\/index.php?rest_route=\/wp\/v2\/users\/1"}],"replies":[{"embeddable":true,"href":"https:\/\/www.ecuadoraldia.com.ec\/index.php?rest_route=%2Fwp%2Fv2%2Fcomments&post=6938"}],"version-history":[{"count":1,"href":"https:\/\/www.ecuadoraldia.com.ec\/index.php?rest_route=\/wp\/v2\/posts\/6938\/revisions"}],"predecessor-version":[{"id":6940,"href":"https:\/\/www.ecuadoraldia.com.ec\/index.php?rest_route=\/wp\/v2\/posts\/6938\/revisions\/6940"}],"wp:attachment":[{"href":"https:\/\/www.ecuadoraldia.com.ec\/index.php?rest_route=%2Fwp%2Fv2%2Fmedia&parent=6938"}],"wp:term":[{"taxonomy":"category","embeddable":true,"href":"https:\/\/www.ecuadoraldia.com.ec\/index.php?rest_route=%2Fwp%2Fv2%2Fcategories&post=6938"},{"taxonomy":"post_tag","embeddable":true,"href":"https:\/\/www.ecuadoraldia.com.ec\/index.php?rest_route=%2Fwp%2Fv2%2Ftags&post=6938"}],"curies":[{"name":"wp","href":"https:\/\/api.w.org\/{rel}","templated":true}]}}