{"id":6941,"date":"2015-01-06T12:25:35","date_gmt":"2015-01-06T12:25:35","guid":{"rendered":"http:\/\/www.ecuadoraldia.com.ec\/?p=6941"},"modified":"2015-01-06T12:25:35","modified_gmt":"2015-01-06T12:25:35","slug":"la-migracion-volvio-a-sharon-icono-de-los-expatriados","status":"publish","type":"post","link":"https:\/\/www.ecuadoraldia.com.ec\/?p=6941","title":{"rendered":"La Migraci\u00f3n volvi\u00f3 a Sharon \u00edcono de los expatriados"},"content":{"rendered":"<p style=\"text-align: justify;\"><a href=\"http:\/\/www.ecuadoraldia.com.ec\/wp-content\/uploads\/2015\/01\/sharoan-mi.jpg\"><img loading=\"lazy\" decoding=\"async\" class=\"alignleft size-medium wp-image-6943\" src=\"http:\/\/www.ecuadoraldia.com.ec\/wp-content\/uploads\/2015\/01\/sharoan-mi-198x300.jpg\" alt=\"sharoan mi\" width=\"198\" height=\"300\" srcset=\"https:\/\/www.ecuadoraldia.com.ec\/wp-content\/uploads\/2015\/01\/sharoan-mi-198x300.jpg 198w, https:\/\/www.ecuadoraldia.com.ec\/wp-content\/uploads\/2015\/01\/sharoan-mi.jpg 352w\" sizes=\"(max-width: 198px) 100vw, 198px\" \/><\/a>Mientras que lo de la migraci\u00f3n retrata una coincidencia temporal: la carrera de Sharon despunt\u00f3 en 1999, cuando el fen\u00f3meno migratorio llev\u00f3 a miles de ecuatorianos a cruzar oc\u00e9anos. Para que la distancia y el extra\u00f1amiento se redujesen en algo, los artistas populares llevaban su m\u00fasica hasta las colonias. Sharon estuvo all\u00ed -Espa\u00f1a, Italia, EE.UU.- y era ella&#8230; \u2018La Hechicera\u2019. La tecnocumbia fue su apuesta Sharon no fue una pionera en materia musical: pero estuvo en el lugar indicado, en el momento ideal y con el g\u00e9nero a apostar. Su caballo de batalla fue la tecnocumbia, que a inicios de los 90 lleg\u00f3 de M\u00e9xico a la regi\u00f3n andina, en donde cada pa\u00eds lo fusion\u00f3 con ritmos vern\u00e1culos. En 1994 aparecen las primeras agrupaciones, siendo una de las m\u00e1s conocidas la Super Sensaci\u00f3n Latina del Ecuador. Sin embargo, el \u2018boom\u2019 del g\u00e9nero se dio en 1999, a\u00f1o del primer disco de Sharon: \u2018Coraz\u00f3n valiente\u2019. La cantante no ten\u00eda una voz que llamara la atenci\u00f3n a los entendidos en m\u00fasica. Pero con su falsetto sensualizado y la producci\u00f3n de m\u00fasica bailable, capt\u00f3 a millares de seguidores \u00addentro y fuera del pa\u00eds. Desde 1998 hasta el 2012 fue fiel a ese estilo musical. No obstante, durante los \u00faltimos a\u00f1os de su carrera tuvo coqueteos con lo urbano y con el pop. Voz y rostro de la far\u00e1ndula en la TV El set de TV fue un segundo hogar para Edith Bermeo: actriz y presentadora de far\u00e1ndula. Su rol m\u00e1s conocido fue el de Zair\u00e9 de F\u00e1tima, en la telenovela \u2018La Hechicera\u2019, inspirada en su propia vida. Tambi\u00e9n particip\u00f3 en la comedia \u2018Los Superesp\u00edas\u2019. Durante su paso como presentadora hizo \u2018sketchs\u2019 en los que pul\u00eda su actuaci\u00f3n. Un ejemplo fue Dora la Vulcanizadora, un espacio dentro del show \u2018Sharon y los especialistas\u2019, de donde sali\u00f3 con conflictos. Su trayectoria sigui\u00f3 con \u2018El Sabat\u00f3n de Sharon\u2019, en el 2006, y \u2018Detectives de famosos\u2019, en el 2012. Este programa de far\u00e1ndula dio a conocer a \u2018La Diva\u2019; nombre que Sharon buscaba posicionar para su personalidad art\u00edstica. \u2018La Diva\u2019 dio tambi\u00e9n pasos de jurado en \u2018Baila la noche\u2019, donde compart\u00eda con Carolina Jaume. A trav\u00e9s de comentarios las dos artistas hac\u00edan notar una constante tensi\u00f3n en el programa. Un estilo extravagante y sensual La cantante se impuso en el medio ecuatoriano a trav\u00e9s del \u2018personal branding\u2019. El fot\u00f3grafo Roberto Pombar fue el responsable de lanzar a Sharon al imaginario colectivo. Las fotograf\u00edas de Bermeo en peque\u00f1os atuendos se volvieron constantes en calendarios y en las portadas de sus discos. El estilo de \u2018La Hechicera\u2019 se caracterizaba por el colorido y brillo. Natasha Wiesner, dise\u00f1adora de la int\u00e9rprete, recuerda que uno de los requerimientos infaltables de Sharon era que el vestuario destacara su figura curvil\u00ednea. Los zapatos tambi\u00e9n eran elementos importantes de su atuendo. Las plataformas, los tacos altos y las botas sobre la rodilla no faltaban en su cl\u00f3set. La int\u00e9rprete tambi\u00e9n incursion\u00f3 en el dise\u00f1o de lencer\u00eda. En el 2001 lanz\u00f3 su primera colecci\u00f3n. Aunque fue una iniciativa bien recibida, la l\u00ednea de Sharon no tuvo continuidad. \u200b EL COMERCIO<\/p>\n","protected":false},"excerpt":{"rendered":"<p>Mientras que lo de la migraci\u00f3n retrata una coincidencia temporal: la carrera de Sharon despunt\u00f3 en 1999, cuando el fen\u00f3meno<\/p>\n","protected":false},"author":1,"featured_media":0,"comment_status":"open","ping_status":"open","sticky":false,"template":"","format":"standard","meta":{"footnotes":""},"categories":[17],"tags":[],"_links":{"self":[{"href":"https:\/\/www.ecuadoraldia.com.ec\/index.php?rest_route=\/wp\/v2\/posts\/6941"}],"collection":[{"href":"https:\/\/www.ecuadoraldia.com.ec\/index.php?rest_route=\/wp\/v2\/posts"}],"about":[{"href":"https:\/\/www.ecuadoraldia.com.ec\/index.php?rest_route=\/wp\/v2\/types\/post"}],"author":[{"embeddable":true,"href":"https:\/\/www.ecuadoraldia.com.ec\/index.php?rest_route=\/wp\/v2\/users\/1"}],"replies":[{"embeddable":true,"href":"https:\/\/www.ecuadoraldia.com.ec\/index.php?rest_route=%2Fwp%2Fv2%2Fcomments&post=6941"}],"version-history":[{"count":1,"href":"https:\/\/www.ecuadoraldia.com.ec\/index.php?rest_route=\/wp\/v2\/posts\/6941\/revisions"}],"predecessor-version":[{"id":6944,"href":"https:\/\/www.ecuadoraldia.com.ec\/index.php?rest_route=\/wp\/v2\/posts\/6941\/revisions\/6944"}],"wp:attachment":[{"href":"https:\/\/www.ecuadoraldia.com.ec\/index.php?rest_route=%2Fwp%2Fv2%2Fmedia&parent=6941"}],"wp:term":[{"taxonomy":"category","embeddable":true,"href":"https:\/\/www.ecuadoraldia.com.ec\/index.php?rest_route=%2Fwp%2Fv2%2Fcategories&post=6941"},{"taxonomy":"post_tag","embeddable":true,"href":"https:\/\/www.ecuadoraldia.com.ec\/index.php?rest_route=%2Fwp%2Fv2%2Ftags&post=6941"}],"curies":[{"name":"wp","href":"https:\/\/api.w.org\/{rel}","templated":true}]}}