{"id":6945,"date":"2015-01-06T12:28:49","date_gmt":"2015-01-06T12:28:49","guid":{"rendered":"http:\/\/www.ecuadoraldia.com.ec\/?p=6945"},"modified":"2015-01-06T12:28:49","modified_gmt":"2015-01-06T12:28:49","slug":"inteligencia-seguia-la-pista-a-agentes-indagados-por-droga","status":"publish","type":"post","link":"https:\/\/www.ecuadoraldia.com.ec\/?p=6945","title":{"rendered":"Inteligencia segu\u00eda la pista a agentes indagados por droga"},"content":{"rendered":"<p style=\"text-align: justify;\"><a href=\"http:\/\/www.ecuadoraldia.com.ec\/wp-content\/uploads\/2015\/01\/poli-dro.jpg\"><img loading=\"lazy\" decoding=\"async\" class=\"alignleft size-medium wp-image-6946\" src=\"http:\/\/www.ecuadoraldia.com.ec\/wp-content\/uploads\/2015\/01\/poli-dro-300x167.jpg\" alt=\"poli dro\" width=\"300\" height=\"167\" srcset=\"https:\/\/www.ecuadoraldia.com.ec\/wp-content\/uploads\/2015\/01\/poli-dro-300x167.jpg 300w, https:\/\/www.ecuadoraldia.com.ec\/wp-content\/uploads\/2015\/01\/poli-dro.jpg 396w\" sizes=\"(max-width: 300px) 100vw, 300px\" \/><\/a>Los investigadores acumularon pistas. Dicen que ten\u00edan indicios de un posible nexo entre redes del narcotr\u00e1fico y polic\u00edas, en Esmeraldas. Incluso recibieron denuncias an\u00f3nimas que alertaban la salida de droga desde el sector de Rioverde. 24 horas despu\u00e9s del enfrentamiento entre agentes por un caso de drogas se anunciaron medidas, como evaluar a todos los uniformados que actualmente operan en Esmeraldas. Se elaborar\u00e1n pruebas de control y de confianza que implican ex\u00e1menes del pol\u00edgrafo, toxicolog\u00eda y psicol\u00f3gicas. En Antinarc\u00f3ticos, los agentes \u00e9lite creen que el domingo no fue la primera vez que los polic\u00edas sospechosos movilizaron cargamento ilegal. Los investigadores analizar\u00e1n el sistema GPS del patrullero para verificar los recorridos que hizo el veh\u00edculo en las \u00faltimas semanas y si sali\u00f3 de su circuito.Ese dato puede revelar la zona donde recogieron el alcaloide. Ayer, por primera vez, el Ministerio del Interior utiliz\u00f3 la frase \u201cenemigos p\u00fablicos de la seguridad\u201d para referirse a los polic\u00edas investigados. En casos anteriores se los calificaba como \u201cmalos elementos\u201d. En los \u00faltimos meses se detect\u00f3 al menos cinco hechos de polic\u00edas relacionados presuntamente con el narcotr\u00e1fico. No obstante, Juan Carlos Barrag\u00e1n, inspector general de la Polic\u00eda, sostuvo que el \u201cn\u00famero de agentes involucrados en actos delictivos se redujo en un 62%\u201d respecto a cifras del 2013. En los \u00faltimos dos a\u00f1os se desvincul\u00f3 de la instituci\u00f3n a alrededor de 600 uniformados, como parte del proceso de depuraci\u00f3n interna. La semana pasada, solo en un d\u00eda fueron dados de baja 19 polic\u00edas por presuntos v\u00ednculos con delitos. Incluso los investigadores dijeron que dos agentes utilizaron informaci\u00f3n confidencial para \u201crecibir un soborno\u201d. En la tarde de ayer, los dos uniformados que iban en el patrullero con droga recibieron prisi\u00f3n preventiva. El tercer agente sospechoso, identificado como Edino G., de 39 a\u00f1os, falleci\u00f3 en el enfrentamiento con personal del Grupo de Operaciones Especiales. Seg\u00fan las autoridades, ese polic\u00eda ser\u00eda quien habr\u00eda disparado contra el capit\u00e1n Ren\u00e9 Morales, comandante del GOE en Esmeraldas. El oficial lideraba el operativo junto con miembros de la Unidad de Lucha contra el Crimen Organizado (Ulco), Antinarc\u00f3ticos e Inteligencia. Morales recibi\u00f3 un disparo en el p\u00f3mulo derecho. La herida le provoc\u00f3 un trauma craneal severo, seg\u00fan la autopsia. Los peritos explicaron que el proyectil recorri\u00f3 desde el maxilar superior hasta la m\u00e9dula cervical. En la audiencia contra los dos sospechosos, el Fiscal relat\u00f3 que Edino G. manejaba el patrullero. Al ver a Morales, el uniformado habr\u00eda gritado \u201ca m\u00ed no me vas a coger preso\u201d. El enfrentamiento moviliz\u00f3 a agentes de unidades \u00e9lite a Esmeraldas. Los investigadores quieren saber si hay m\u00e1s uniformados involucrados en estos hechos. Tambi\u00e9n se indaga desde d\u00f3nde sali\u00f3 la droga y qui\u00e9n la iba a receptar. En el patrullero, el GOE localiz\u00f3 dos sacos de yute con 31 kilogramos de marihuana. Se conoci\u00f3 que el alcaloide pudo haber sido embarcado en la poblaci\u00f3n de Rocafuerte, en Rioverde, al norte de la provincia. Informaci\u00f3n oficial refiere que la marihuana decomisada era para consumo interno. Es decir, se la distribuir\u00eda en barrios a escala nacional. La zona donde se registr\u00f3 el cruce de balas es considerada como parte de la ruta de los cargamentos de estupefacientes, que inicia desde el cant\u00f3n San Lorenzo, cruza por Esmeraldas y termina en Muisne. ElComercio.com<\/p>\n","protected":false},"excerpt":{"rendered":"<p>Los investigadores acumularon pistas. Dicen que ten\u00edan indicios de un posible nexo entre redes del narcotr\u00e1fico y polic\u00edas, en Esmeraldas.<\/p>\n","protected":false},"author":1,"featured_media":0,"comment_status":"open","ping_status":"open","sticky":false,"template":"","format":"standard","meta":{"footnotes":""},"categories":[5],"tags":[],"_links":{"self":[{"href":"https:\/\/www.ecuadoraldia.com.ec\/index.php?rest_route=\/wp\/v2\/posts\/6945"}],"collection":[{"href":"https:\/\/www.ecuadoraldia.com.ec\/index.php?rest_route=\/wp\/v2\/posts"}],"about":[{"href":"https:\/\/www.ecuadoraldia.com.ec\/index.php?rest_route=\/wp\/v2\/types\/post"}],"author":[{"embeddable":true,"href":"https:\/\/www.ecuadoraldia.com.ec\/index.php?rest_route=\/wp\/v2\/users\/1"}],"replies":[{"embeddable":true,"href":"https:\/\/www.ecuadoraldia.com.ec\/index.php?rest_route=%2Fwp%2Fv2%2Fcomments&post=6945"}],"version-history":[{"count":1,"href":"https:\/\/www.ecuadoraldia.com.ec\/index.php?rest_route=\/wp\/v2\/posts\/6945\/revisions"}],"predecessor-version":[{"id":6947,"href":"https:\/\/www.ecuadoraldia.com.ec\/index.php?rest_route=\/wp\/v2\/posts\/6945\/revisions\/6947"}],"wp:attachment":[{"href":"https:\/\/www.ecuadoraldia.com.ec\/index.php?rest_route=%2Fwp%2Fv2%2Fmedia&parent=6945"}],"wp:term":[{"taxonomy":"category","embeddable":true,"href":"https:\/\/www.ecuadoraldia.com.ec\/index.php?rest_route=%2Fwp%2Fv2%2Fcategories&post=6945"},{"taxonomy":"post_tag","embeddable":true,"href":"https:\/\/www.ecuadoraldia.com.ec\/index.php?rest_route=%2Fwp%2Fv2%2Ftags&post=6945"}],"curies":[{"name":"wp","href":"https:\/\/api.w.org\/{rel}","templated":true}]}}