{"id":6948,"date":"2015-01-07T00:25:28","date_gmt":"2015-01-07T00:25:28","guid":{"rendered":"http:\/\/www.ecuadoraldia.com.ec\/?p=6948"},"modified":"2015-01-07T00:25:28","modified_gmt":"2015-01-07T00:25:28","slug":"ee-uu-asegura-que-cuba-libero-a-algunos-de-los-53-prisioneros-politicos","status":"publish","type":"post","link":"https:\/\/www.ecuadoraldia.com.ec\/?p=6948","title":{"rendered":"EE.UU. asegura que Cuba liber\u00f3 a algunos de los 53 prisioneros \u00abpol\u00edticos\u00bb"},"content":{"rendered":"<p style=\"text-align: justify;\"><a href=\"http:\/\/www.ecuadoraldia.com.ec\/wp-content\/uploads\/2015\/01\/eeuu-cuba.jpg\"><img loading=\"lazy\" decoding=\"async\" class=\"alignleft size-medium wp-image-6949\" src=\"http:\/\/www.ecuadoraldia.com.ec\/wp-content\/uploads\/2015\/01\/eeuu-cuba-300x200.jpg\" alt=\"eeuu cuba\" width=\"300\" height=\"200\" srcset=\"https:\/\/www.ecuadoraldia.com.ec\/wp-content\/uploads\/2015\/01\/eeuu-cuba-300x200.jpg 300w, https:\/\/www.ecuadoraldia.com.ec\/wp-content\/uploads\/2015\/01\/eeuu-cuba.jpg 487w\" sizes=\"(max-width: 300px) 100vw, 300px\" \/><\/a>El Departamento de Estado de Estados Unidos indic\u00f3 que el Gobierno de Cuba ha liberado a algunos de los 53 presos considerados \u00abpol\u00edticos\u00bb que se comprometi\u00f3 a poner en libertad, en el marco del acuerdo que permiti\u00f3 la entrega de los tres agentes cubanos que estaban encarcelados en el pa\u00eds norteamericano.<\/p>\n<p style=\"text-align: justify;\">\u00abYa han liberado a algunos de los prisioneros, nos gustar\u00eda ver que (el proceso) se complete en el futuro pr\u00f3ximo\u00bb, dijo a periodistas la portavoz del Departamento de Estado, Jen Psaki, quien no dio un n\u00famero espec\u00edfico de liberados, seg\u00fan las declaraciones que recoge Reuters.<\/p>\n<p style=\"text-align: justify;\">La portavoz sostuvo que la liberaci\u00f3n de los 53 no es un prerrequisito para tener conversaciones sobre migraci\u00f3n y una posible normalizaci\u00f3n de relaciones entre ambos pa\u00edses.<\/p>\n<p style=\"text-align: justify;\">Psaki manifest\u00f3 que no estaba en condiciones de contar exactamente cu\u00e1ndo comenzar\u00edan esas conversaciones, encabezadas por la secretaria de Estado adjunta Roberta Jacobson. Sin embargo, dijo que \u00abesperamos tenerlo cerrado en los pr\u00f3ximos d\u00edas\u00bb.<\/p>\n<p style=\"text-align: justify;\">Un intercambio de prisioneros form\u00f3 parte del acuerdo para restablecer las relaciones,que estaban rotas desde hac\u00eda d\u00e9cadas. Estados Unidos envi\u00f3 a tres esp\u00edas agentes cubanos a La Habana a cambio del contratista estadounidense Alan Gross, de un cubano que espi\u00f3 para Washington y los 53 presos.(El tel\u00e9grafo)<\/p>\n","protected":false},"excerpt":{"rendered":"<p>El Departamento de Estado de Estados Unidos indic\u00f3 que el Gobierno de Cuba ha liberado a algunos de los 53<\/p>\n","protected":false},"author":1,"featured_media":0,"comment_status":"open","ping_status":"open","sticky":false,"template":"","format":"standard","meta":{"footnotes":""},"categories":[7],"tags":[],"_links":{"self":[{"href":"https:\/\/www.ecuadoraldia.com.ec\/index.php?rest_route=\/wp\/v2\/posts\/6948"}],"collection":[{"href":"https:\/\/www.ecuadoraldia.com.ec\/index.php?rest_route=\/wp\/v2\/posts"}],"about":[{"href":"https:\/\/www.ecuadoraldia.com.ec\/index.php?rest_route=\/wp\/v2\/types\/post"}],"author":[{"embeddable":true,"href":"https:\/\/www.ecuadoraldia.com.ec\/index.php?rest_route=\/wp\/v2\/users\/1"}],"replies":[{"embeddable":true,"href":"https:\/\/www.ecuadoraldia.com.ec\/index.php?rest_route=%2Fwp%2Fv2%2Fcomments&post=6948"}],"version-history":[{"count":1,"href":"https:\/\/www.ecuadoraldia.com.ec\/index.php?rest_route=\/wp\/v2\/posts\/6948\/revisions"}],"predecessor-version":[{"id":6950,"href":"https:\/\/www.ecuadoraldia.com.ec\/index.php?rest_route=\/wp\/v2\/posts\/6948\/revisions\/6950"}],"wp:attachment":[{"href":"https:\/\/www.ecuadoraldia.com.ec\/index.php?rest_route=%2Fwp%2Fv2%2Fmedia&parent=6948"}],"wp:term":[{"taxonomy":"category","embeddable":true,"href":"https:\/\/www.ecuadoraldia.com.ec\/index.php?rest_route=%2Fwp%2Fv2%2Fcategories&post=6948"},{"taxonomy":"post_tag","embeddable":true,"href":"https:\/\/www.ecuadoraldia.com.ec\/index.php?rest_route=%2Fwp%2Fv2%2Ftags&post=6948"}],"curies":[{"name":"wp","href":"https:\/\/api.w.org\/{rel}","templated":true}]}}