{"id":695,"date":"2013-09-10T16:00:30","date_gmt":"2013-09-10T16:00:30","guid":{"rendered":"http:\/\/www.ecuadoraldia.com.ec\/?p=695"},"modified":"2013-09-10T16:00:30","modified_gmt":"2013-09-10T16:00:30","slug":"rusia-y-siria-ya-trabajan-en-plan-sobre-control-de-armas-quimicas","status":"publish","type":"post","link":"https:\/\/www.ecuadoraldia.com.ec\/?p=695","title":{"rendered":"Rusia y Siria ya trabajan en plan sobre control de armas qu\u00edmicas"},"content":{"rendered":"<p><a href=\"http:\/\/www.ecuadoraldia.com.ec\/wp-content\/uploads\/2013\/09\/siria.jpeg\"><img loading=\"lazy\" decoding=\"async\" class=\"alignleft size-medium wp-image-696\" alt=\"siria\" src=\"http:\/\/www.ecuadoraldia.com.ec\/wp-content\/uploads\/2013\/09\/siria-300x233.jpeg\" width=\"300\" height=\"233\" srcset=\"https:\/\/www.ecuadoraldia.com.ec\/wp-content\/uploads\/2013\/09\/siria-300x233.jpeg 300w, https:\/\/www.ecuadoraldia.com.ec\/wp-content\/uploads\/2013\/09\/siria.jpeg 304w\" sizes=\"(max-width: 300px) 100vw, 300px\" \/><\/a>El ministro de Asuntos Exteriores de Siria, Walid al Muallem, inform\u00f3 este martes que el gobierno de su pa\u00eds acept\u00f3 la propuesta de Rusia para poner sus armas qu\u00edmicas bajo control internacional para evitar un posible ataque militar de Estados Unidos.<\/p>\n<p>\u00abMantuvimos una ronda de conversaciones muy fruct\u00edferas con el ministro de Asuntos Exteriores (ruso) Serguei Lavrov ayer y \u00e9l propuso una iniciativa relacionada con las armas qu\u00edmicas. Ya ayer por la tarde manifestamos nuestro acuerdo con la iniciativa\u00bb, dijo Muallem.<\/p>\n<p>El jefe de la diplomacia del pa\u00eds \u00e1rabe, quien hizo estas afirmaciones hoy en Mosc\u00fa durante una reuni\u00f3n con el presidente de la Duma o c\u00e1mara de diputados de Rusia, Serguei Narishkin, agreg\u00f3 que la decisi\u00f3n de Damasco busca \u00abdejar sin argumentos la agresi\u00f3n norteamericana\u00bb.<\/p>\n<p>Al respecto, Lavrov anunci\u00f3 este martes que Rusia y Siria ya trabajan en un \u00abplan concreto, claro y eficaz\u00bb para poner bajo control internacional las armas qu\u00edmicas sirias.<\/p>\n<p>El canciller ruso indic\u00f3 que su pa\u00eds est\u00e1 preparado para presentar \u00abpr\u00f3ximamente\u00bb dicho plan al Consejo Seguridad de la ONU y a la comunidad internacional.<\/p>\n<p>Lavrov hizo estas declaraciones en una rueda de prensa al t\u00e9rmino de sus conversaciones con el ministro de Exteriores libio, Mohamed Abdel Aziz.<\/p>\n<p>\u00abEstamos preparando las propuestas concretas en forma de un plan, que ser\u00e1 presentado a todas las partes interesadas, incluido, desde luego, Estados Unidos\u00bb, dijo el jefe de la diplomacia rusa.<\/p>\n<p>Y agreg\u00f3 que mantiene contactos con el secretario de Estado estadounidense, John Kerry.<\/p>\n<p>\u00abLa \u00faltima vez que hablamos fue por ayer la tarde, por tel\u00e9fono. Le inform\u00e9 de lo que les acabo de contar\u00bb, dijo Lavrov.<\/p>\n<p>Tambi\u00e9n indic\u00f3 que la propuesta de poner las armas qu\u00edmicas bajo control internacional \u00abno es una iniciativa totalmente rusa\u00bb.<\/p>\n<p>\u00abHa germinado de los contactos que mantuvimos con los colegas estadounidenses, de la declaraci\u00f3n de ayer de John Kerry, quien apunt\u00f3 la posibilidad de que se pod\u00edan evitar los ataques (a Siria) si se resolv\u00eda este problema (el de las armas qu\u00edmicas)\u00bb, explic\u00f3.<\/p>\n<p>De su lado, Francia tiene previsto presentar este d\u00eda ante el Consejo de Seguridad de la ONU un proyecto de resoluci\u00f3n para concretar la propuesta rusa.<\/p>\n<p>El ministro franc\u00e9s de Exteriores, Laurent Fabius, indic\u00f3 que el texto, en primer lugar, condenar\u00e1 el ataque del pasado 21 de agosto a las afueras de Damasco, exigir\u00e1 que se sancione y pedir\u00e1 al r\u00e9gimen sirio que esclarezca su posesi\u00f3n de armamento qu\u00edmico y lo ponga \u00abbajo la completa disposici\u00f3n\u00bb de la comunidad internacional.<\/p>\n<p>Obama califica propuesta de \u00abpositiva\u00bb<\/p>\n<p>En entrevistas en las cadenas de televisi\u00f3n, Obama se\u00f1al\u00f3 que la propuesta rusa era \u00abpotencialmente positiva\u00bb. \u00abSi podemos agotar los esfuerzos diplom\u00e1ticos y alcanzar una f\u00f3rmula que d\u00e9 a la comunidad internacional un mecanismo verificable y aplicable para lidiar con esas armas qu\u00edmicas en Siria, entonces estoy en favor de ello\u00bb, a\u00f1adi\u00f3.<\/p>\n<p>Pero la Casa Blanca aclar\u00f3 hoy que el mandatario estadounidense continuar\u00e1 con su plan de pedir al Congreso aprobaci\u00f3n para el uso de la fuerza militar en el pa\u00eds \u00e1rabe. AFP<\/p>\n","protected":false},"excerpt":{"rendered":"<p>El ministro de Asuntos Exteriores de Siria, Walid al Muallem, inform\u00f3 este martes que el gobierno de su pa\u00eds acept\u00f3<\/p>\n","protected":false},"author":1,"featured_media":0,"comment_status":"open","ping_status":"open","sticky":false,"template":"","format":"standard","meta":{"footnotes":""},"categories":[7],"tags":[],"_links":{"self":[{"href":"https:\/\/www.ecuadoraldia.com.ec\/index.php?rest_route=\/wp\/v2\/posts\/695"}],"collection":[{"href":"https:\/\/www.ecuadoraldia.com.ec\/index.php?rest_route=\/wp\/v2\/posts"}],"about":[{"href":"https:\/\/www.ecuadoraldia.com.ec\/index.php?rest_route=\/wp\/v2\/types\/post"}],"author":[{"embeddable":true,"href":"https:\/\/www.ecuadoraldia.com.ec\/index.php?rest_route=\/wp\/v2\/users\/1"}],"replies":[{"embeddable":true,"href":"https:\/\/www.ecuadoraldia.com.ec\/index.php?rest_route=%2Fwp%2Fv2%2Fcomments&post=695"}],"version-history":[{"count":2,"href":"https:\/\/www.ecuadoraldia.com.ec\/index.php?rest_route=\/wp\/v2\/posts\/695\/revisions"}],"predecessor-version":[{"id":698,"href":"https:\/\/www.ecuadoraldia.com.ec\/index.php?rest_route=\/wp\/v2\/posts\/695\/revisions\/698"}],"wp:attachment":[{"href":"https:\/\/www.ecuadoraldia.com.ec\/index.php?rest_route=%2Fwp%2Fv2%2Fmedia&parent=695"}],"wp:term":[{"taxonomy":"category","embeddable":true,"href":"https:\/\/www.ecuadoraldia.com.ec\/index.php?rest_route=%2Fwp%2Fv2%2Fcategories&post=695"},{"taxonomy":"post_tag","embeddable":true,"href":"https:\/\/www.ecuadoraldia.com.ec\/index.php?rest_route=%2Fwp%2Fv2%2Ftags&post=695"}],"curies":[{"name":"wp","href":"https:\/\/api.w.org\/{rel}","templated":true}]}}