{"id":6951,"date":"2015-01-07T00:28:35","date_gmt":"2015-01-07T00:28:35","guid":{"rendered":"http:\/\/www.ecuadoraldia.com.ec\/?p=6951"},"modified":"2015-01-07T00:28:35","modified_gmt":"2015-01-07T00:28:35","slug":"correa-recorte-al-presupuesto-responde-a-la-realidad","status":"publish","type":"post","link":"https:\/\/www.ecuadoraldia.com.ec\/?p=6951","title":{"rendered":"Correa: recorte al presupuesto \u00abresponde a la realidad\u00bb"},"content":{"rendered":"<figure id=\"attachment_6952\" aria-describedby=\"caption-attachment-6952\" style=\"width: 300px\" class=\"wp-caption alignleft\"><a href=\"http:\/\/www.ecuadoraldia.com.ec\/wp-content\/uploads\/2015\/01\/06correa-China.jpg\"><img loading=\"lazy\" decoding=\"async\" class=\"size-medium wp-image-6952\" src=\"http:\/\/www.ecuadoraldia.com.ec\/wp-content\/uploads\/2015\/01\/06correa-China-300x198.jpg\" alt=\"En China, el presidente Rafael Correa present\u00f3 su libro &quot;Ecuador: De Banana Republic a la No Rep\u00fablica&quot; traducido al mandar\u00edn. Foto: Presidencia\" width=\"300\" height=\"198\" srcset=\"https:\/\/www.ecuadoraldia.com.ec\/wp-content\/uploads\/2015\/01\/06correa-China-300x198.jpg 300w, https:\/\/www.ecuadoraldia.com.ec\/wp-content\/uploads\/2015\/01\/06correa-China.jpg 450w\" sizes=\"(max-width: 300px) 100vw, 300px\" \/><\/a><figcaption id=\"caption-attachment-6952\" class=\"wp-caption-text\">En China, el presidente Rafael Correa present\u00f3 su libro \u00abEcuador: De Banana Republic a la No Rep\u00fablica\u00bb traducido al mandar\u00edn. Foto: Presidencia<\/figcaption><\/figure>\n<p style=\"text-align: justify;\">El presidente Rafael Correa defendi\u00f3 este martes el recorte presupuestario de $ 1.420 millones que su Gobierno anunci\u00f3 ante la ca\u00edda de los precios del petr\u00f3leo. Dijo que este responde a la realidad y que los ajustes son a ciertos sectores no prioritarios.<\/p>\n<p style=\"text-align: justify;\">\u00abHemos hecho algunos ajustes presupuestarios, pues hay que responder a la realidad. El precio del petr\u00f3leo ha seguido cambiando. Siempre lo dijimos, aqu\u00ed no hay ninguna sorpresa\u00bb, afirm\u00f3 el Mandatario en declaraciones a los periodistas durante una visita al Parque Tecnol\u00f3gico Zhongguancun, el mayor de China.<\/p>\n<p style=\"text-align: justify;\">Correa indic\u00f3 que \u00abhay que privilegiar los proyectos donde el dinero se queda en el pa\u00eds\u00bb y puso como ejemplo los proyectos de construcciones de carreteras, porque \u00abeso se queda en el pa\u00eds y dinamiza la econom\u00eda\u00bb.<\/p>\n<p style=\"text-align: justify;\">\u00abNo hay problema, bueno s\u00ed, pero digamos que es pasar el bache del 2015 y viene el 2016\u00bb, se\u00f1al\u00f3 Correa en un acto posterior con estudiantes ecuatorianos en China, seg\u00fan recoge la agencia Efe.<\/p>\n<p style=\"text-align: justify;\">El Jefe de Estado recalc\u00f3 que su estrategia es \u00abencontrar las mayores fuentes de financiamiento posibles\u00bb y a ello espera que contribuya su gira por China, que el viernes le llevar\u00e1 a Shanghai, donde tiene programadas reuniones con inversores y empresarios del pa\u00eds asi\u00e1tico.<\/p>\n<p style=\"text-align: justify;\">Sobre el recorte presupuestario, el ministro de Finanzas, Fausto Herrera, reiter\u00f3 hoy en China que se han retirado inversiones \u00abcon un alto componente de importaci\u00f3n\u00bb y, por otra, se ha suspendido la subida de salarios p\u00fablicos prevista.<\/p>\n<p style=\"text-align: justify;\">El mayor recorte, de 840 millones de d\u00f3lares, se ha ejecutado en la partida de inversiones, mientras que el resto se ha reducido en el gasto corriente.<\/p>\n<p style=\"text-align: justify;\">\u00abHay una reducci\u00f3n de importaciones de hidrocarburos y tambi\u00e9n una reducci\u00f3n en salarios. En la planificaci\u00f3n del presupuesto hab\u00edamos contemplado un incremento salarial en el sector p\u00fablico, pero, debido a las condiciones coyunturales mundiales, hemos decidido no hacer este incremente salarial\u00bb, explic\u00f3 el ministro de Finanzas.<\/p>\n<p style=\"text-align: justify;\">\u00abLas hidroel\u00e9ctricas tienen que continuar, tenemos un plan para terminar las hidroel\u00e9ctricas en 2015 y 2016, estamos terminando ya tambi\u00e9n las grandes obras nacionales, en unos dos meses vamos ya a inaugurar la primera hidroel\u00e9ctrica\u00bb, reiter\u00f3 Herrera.<\/p>\n<p style=\"text-align: justify;\">Reivindica integraci\u00f3n latinoamericana<\/p>\n<p style=\"text-align: justify;\">Este martes, el presidente Rafael Correa abog\u00f3 por crear una \u00abarquitectura financiera\u00bb de Am\u00e9rica Latina al margen de instituciones como el Fondo Monetario Internacional (FMI) o el Banco Mundial, que, a su juicio, han hecho \u00abmuch\u00edsimo da\u00f1o a las econom\u00edas en desarrollo\u00bb.<\/p>\n<p style=\"text-align: justify;\">Sus declaraciones se dieron en el marco de una charla en la Academia China de Ciencias Sociales, en la presentaci\u00f3n de la traducci\u00f3n al mandar\u00edn de su libro, Eguaduoer: xiang jiao gong he guo de mi shi (Ecuador: De Banana Republic a la No Rep\u00fablica).<\/p>\n<p style=\"text-align: justify;\">El Mandatario insisti\u00f3 en su propuesta, que ya formul\u00f3 el mes pasado en una reuni\u00f3n de la Uni\u00f3n de Naciones Suramericanas (Unasur) en Guayaquil, de impulsar el Banco del Sur y el Fondo del Sur, como mecanismos de intercambio alternativos.<\/p>\n<p style=\"text-align: justify;\">Tambi\u00e9n se refiri\u00f3 a una moneda propia como primeros pasos de una mayor integraci\u00f3n latinoamericana. \u00abEs pr\u00e1cticamente imposible, al menos en el corto plazo, una salida de la dolarizaci\u00f3n, y la \u00fanica salida que yo veo en el medio y largo plazo es tener una moneda regional, ya sea andina o latinoamericana\u00bb, manifest\u00f3.<\/p>\n<p style=\"text-align: justify;\">En la charla, Correa adem\u00e1s cuestion\u00f3 sobre qui\u00e9n manda en una sociedad: si el ser humano o el capital. Tambi\u00e9n parte de la problem\u00e1tica que ha vivido Am\u00e9rica Latina y vive Europa, con la crisis actual.<\/p>\n<p style=\"text-align: justify;\">Sobre su libro, dijo, es un testimonio de lo que los a\u00f1os del neoliberalismo han dejado en pa\u00edses como Ecuador, que garantizaba el pago al capital financiero v\u00eda deuda externa, mientras se beneficiaba al privado por encima del Estado.<\/p>\n<p style=\"text-align: justify;\">Por otra parte, explic\u00f3 que durante esta \u00e9poca se elimin\u00f3 incluso la noci\u00f3n de libertad, que dej\u00f3 de lado categor\u00edas como la justicia.<\/p>\n<p style=\"text-align: justify;\">Dentro de su visita de Estado a China, el Preisdente ecuatoriano participar\u00e1 el jueves en el primer encuentro ministerial China-CELAC, ya que su pa\u00eds desempe\u00f1ar\u00e1 la Presidencia Pro T\u00e9mpore del organismo latinoamericano y caribe\u00f1o en 2015.<\/p>\n<p style=\"text-align: justify;\">Su gira al pa\u00eds asi\u00e1tico la cerrar\u00e1 el viernes con una serie de reuniones y visitas de \u00edndole econ\u00f3mica en Shanghai, capital financiera y econ\u00f3mica. (El tel\u00e9grafo)<\/p>\n","protected":false},"excerpt":{"rendered":"<p>El presidente Rafael Correa defendi\u00f3 este martes el recorte presupuestario de $ 1.420 millones que su Gobierno anunci\u00f3 ante la<\/p>\n","protected":false},"author":1,"featured_media":0,"comment_status":"open","ping_status":"open","sticky":false,"template":"","format":"standard","meta":{"footnotes":""},"categories":[1],"tags":[],"_links":{"self":[{"href":"https:\/\/www.ecuadoraldia.com.ec\/index.php?rest_route=\/wp\/v2\/posts\/6951"}],"collection":[{"href":"https:\/\/www.ecuadoraldia.com.ec\/index.php?rest_route=\/wp\/v2\/posts"}],"about":[{"href":"https:\/\/www.ecuadoraldia.com.ec\/index.php?rest_route=\/wp\/v2\/types\/post"}],"author":[{"embeddable":true,"href":"https:\/\/www.ecuadoraldia.com.ec\/index.php?rest_route=\/wp\/v2\/users\/1"}],"replies":[{"embeddable":true,"href":"https:\/\/www.ecuadoraldia.com.ec\/index.php?rest_route=%2Fwp%2Fv2%2Fcomments&post=6951"}],"version-history":[{"count":1,"href":"https:\/\/www.ecuadoraldia.com.ec\/index.php?rest_route=\/wp\/v2\/posts\/6951\/revisions"}],"predecessor-version":[{"id":6953,"href":"https:\/\/www.ecuadoraldia.com.ec\/index.php?rest_route=\/wp\/v2\/posts\/6951\/revisions\/6953"}],"wp:attachment":[{"href":"https:\/\/www.ecuadoraldia.com.ec\/index.php?rest_route=%2Fwp%2Fv2%2Fmedia&parent=6951"}],"wp:term":[{"taxonomy":"category","embeddable":true,"href":"https:\/\/www.ecuadoraldia.com.ec\/index.php?rest_route=%2Fwp%2Fv2%2Fcategories&post=6951"},{"taxonomy":"post_tag","embeddable":true,"href":"https:\/\/www.ecuadoraldia.com.ec\/index.php?rest_route=%2Fwp%2Fv2%2Ftags&post=6951"}],"curies":[{"name":"wp","href":"https:\/\/api.w.org\/{rel}","templated":true}]}}