{"id":6954,"date":"2015-01-07T00:33:20","date_gmt":"2015-01-07T00:33:20","guid":{"rendered":"http:\/\/www.ecuadoraldia.com.ec\/?p=6954"},"modified":"2015-01-07T00:33:20","modified_gmt":"2015-01-07T00:33:20","slug":"supercom-pide-que-contraloria-ejecute-el-cobro-de-la-multa-contra-el-alcalde-rodas","status":"publish","type":"post","link":"https:\/\/www.ecuadoraldia.com.ec\/?p=6954","title":{"rendered":"Supercom pide que Contralor\u00eda ejecute el cobro de la multa contra el alcalde Rodas"},"content":{"rendered":"<figure id=\"attachment_6955\" aria-describedby=\"caption-attachment-6955\" style=\"width: 300px\" class=\"wp-caption alignleft\"><a href=\"http:\/\/www.ecuadoraldia.com.ec\/wp-content\/uploads\/2015\/01\/ochoa.jpg\"><img loading=\"lazy\" decoding=\"async\" class=\"size-medium wp-image-6955\" src=\"http:\/\/www.ecuadoraldia.com.ec\/wp-content\/uploads\/2015\/01\/ochoa-300x199.jpg\" alt=\"Carlos Ochoa, superintendente de Comunicaci\u00f3n, anunci\u00f3 que se remiti\u00f3 el cobro a la entidad de control. \" width=\"300\" height=\"199\" srcset=\"https:\/\/www.ecuadoraldia.com.ec\/wp-content\/uploads\/2015\/01\/ochoa-300x199.jpg 300w, https:\/\/www.ecuadoraldia.com.ec\/wp-content\/uploads\/2015\/01\/ochoa.jpg 450w\" sizes=\"(max-width: 300px) 100vw, 300px\" \/><\/a><figcaption id=\"caption-attachment-6955\" class=\"wp-caption-text\">Carlos Ochoa, superintendente de Comunicaci\u00f3n, anunci\u00f3 que se remiti\u00f3 el cobro a la entidad de control.<\/figcaption><\/figure>\n<p style=\"text-align: justify;\">La Contralor\u00eda General del Estado deber\u00e1 cobrar la sanci\u00f3n en contra del alcalde de Quito, Mauricio Rodas, una vez que finaliz\u00f3 el plazo de 72 horas para que el burgomaestre cancele la multa de $ 3.400 por una denuncia de censura previa, que interpuso el portal de noticias Ecuadorinmediato, ante la Superintendencia de la Informaci\u00f3n y Comunicaci\u00f3n (Supercom).<\/p>\n<p style=\"text-align: justify;\">La resoluci\u00f3n de la Supercom)determin\u00f3 la responsabilidad del alcalde de inobservar la prohibici\u00f3n de censura previa, por lo cual dispuso el pago de una multa de 10 salarios b\u00e1sicos unificados ($ 3.400).<\/p>\n<p style=\"text-align: justify;\">Al conocer esta resoluci\u00f3n, Rodas calific\u00f3 la decisi\u00f3n como \u201cilegal, ileg\u00edtima y absurda\u201d, por lo que dijo acogerse al \u201cderecho a la resistencia\u201d.<\/p>\n<p style=\"text-align: justify;\">Carlos Ochoa, superintendente de la Supercom, anunci\u00f3 que la entidad que dirige remiti\u00f3 hoy a la Contralor\u00eda la solicitud de cobro coactivo de la multa impuesta al alcalde, ya que la Supercom no tiene capacidad de cobro coactivo.<\/p>\n<p style=\"text-align: justify;\">Ochoa aclar\u00f3 que la resoluci\u00f3n emitida no obedece a ninguna persecuci\u00f3n pol\u00edtica, sino que \u201cresponde a la denuncia de un medio de comunicaci\u00f3n, en este caso Ecuadorinmediato que plante\u00f3 en contra de 2 medios municipales (Radio Municipal y Distrito FM)\u201d.<\/p>\n<p style=\"text-align: justify;\">Adem\u00e1s, el superintendente ley\u00f3 algunas frases de 2 cartas que se presentaron como pruebas en el proceso. Ochoa argument\u00f3 que en la primera carta el productor general de Ecuadorinmediato, Pablo L\u00f3pez, relat\u00f3 que se comunic\u00f3 con el operador de turno de las radios municipales, \u00abquien le manifest\u00f3 que ten\u00eda la prohibici\u00f3n de transmitir el programa &#8216;El Poder de la Palabra&#8217; a partir del 16 de mayo y que cumpl\u00eda \u00f3rdenes superiores\u201d.<\/p>\n<p style=\"text-align: justify;\">En la otra misiva, en cambio, Mauricio Rodas le respondi\u00f3 a Francisco Herrera Ar\u00e1uz, director de Ecuadorinmediato. En aquella carta le dijo \u201cque dicho acontecimiento obedeci\u00f3 al deseo de la nueva administraci\u00f3n de darle un enfoque de apertura a la diversidad de opiniones, de pensamiento y de fortalecimiento de la democracia\u201d.<\/p>\n<p style=\"text-align: justify;\">Por ello, el funcionario aclar\u00f3 que todas las resoluciones de la Supercom son de obligatorio cumplimiento y solo podr\u00e1n ser suspendidas o revocadas por un juez competente. (El tel\u00e9grafo)<\/p>\n","protected":false},"excerpt":{"rendered":"<p>La Contralor\u00eda General del Estado deber\u00e1 cobrar la sanci\u00f3n en contra del alcalde de Quito, Mauricio Rodas, una vez que<\/p>\n","protected":false},"author":1,"featured_media":0,"comment_status":"open","ping_status":"open","sticky":false,"template":"","format":"standard","meta":{"footnotes":""},"categories":[1],"tags":[],"_links":{"self":[{"href":"https:\/\/www.ecuadoraldia.com.ec\/index.php?rest_route=\/wp\/v2\/posts\/6954"}],"collection":[{"href":"https:\/\/www.ecuadoraldia.com.ec\/index.php?rest_route=\/wp\/v2\/posts"}],"about":[{"href":"https:\/\/www.ecuadoraldia.com.ec\/index.php?rest_route=\/wp\/v2\/types\/post"}],"author":[{"embeddable":true,"href":"https:\/\/www.ecuadoraldia.com.ec\/index.php?rest_route=\/wp\/v2\/users\/1"}],"replies":[{"embeddable":true,"href":"https:\/\/www.ecuadoraldia.com.ec\/index.php?rest_route=%2Fwp%2Fv2%2Fcomments&post=6954"}],"version-history":[{"count":1,"href":"https:\/\/www.ecuadoraldia.com.ec\/index.php?rest_route=\/wp\/v2\/posts\/6954\/revisions"}],"predecessor-version":[{"id":6956,"href":"https:\/\/www.ecuadoraldia.com.ec\/index.php?rest_route=\/wp\/v2\/posts\/6954\/revisions\/6956"}],"wp:attachment":[{"href":"https:\/\/www.ecuadoraldia.com.ec\/index.php?rest_route=%2Fwp%2Fv2%2Fmedia&parent=6954"}],"wp:term":[{"taxonomy":"category","embeddable":true,"href":"https:\/\/www.ecuadoraldia.com.ec\/index.php?rest_route=%2Fwp%2Fv2%2Fcategories&post=6954"},{"taxonomy":"post_tag","embeddable":true,"href":"https:\/\/www.ecuadoraldia.com.ec\/index.php?rest_route=%2Fwp%2Fv2%2Ftags&post=6954"}],"curies":[{"name":"wp","href":"https:\/\/api.w.org\/{rel}","templated":true}]}}