{"id":6957,"date":"2015-01-07T00:41:05","date_gmt":"2015-01-07T00:41:05","guid":{"rendered":"http:\/\/www.ecuadoraldia.com.ec\/?p=6957"},"modified":"2015-01-07T00:41:05","modified_gmt":"2015-01-07T00:41:05","slug":"municipio-de-quito-notifica-proceso-de-desalojo-a-la-casa-del-colectivo-diabluma","status":"publish","type":"post","link":"https:\/\/www.ecuadoraldia.com.ec\/?p=6957","title":{"rendered":"Municipio de Quito notifica proceso de desalojo a la casa del colectivo Diabluma"},"content":{"rendered":"<figure id=\"attachment_6958\" aria-describedby=\"caption-attachment-6958\" style=\"width: 209px\" class=\"wp-caption alignleft\"><a href=\"http:\/\/www.ecuadoraldia.com.ec\/wp-content\/uploads\/2015\/01\/diablumaaa.jpg\"><img loading=\"lazy\" decoding=\"async\" class=\"size-medium wp-image-6958\" src=\"http:\/\/www.ecuadoraldia.com.ec\/wp-content\/uploads\/2015\/01\/diablumaaa-209x300.jpg\" alt=\"foto internet\" width=\"209\" height=\"300\" srcset=\"https:\/\/www.ecuadoraldia.com.ec\/wp-content\/uploads\/2015\/01\/diablumaaa-209x300.jpg 209w, https:\/\/www.ecuadoraldia.com.ec\/wp-content\/uploads\/2015\/01\/diablumaaa.jpg 446w\" sizes=\"(max-width: 209px) 100vw, 209px\" \/><\/a><figcaption id=\"caption-attachment-6958\" class=\"wp-caption-text\">foto internet<\/figcaption><\/figure>\n<p style=\"text-align: justify;\">Ayer, a las 16:00, la organizaci\u00f3n pol\u00edtica Diabluma, quienes ocupan la casa Pukara, recibieron una notificaci\u00f3n de un proceso de desalojo por parte del Municipio del Quito.<\/p>\n<p style=\"text-align: justify;\">El espacio, que se encuentra en la intersecci\u00f3n de las calles Tarqui y Riofr\u00edo, al centro-norte de la ciudad, se constituy\u00f3 hace 7 a\u00f1os. Su vocero, Felipe Ogaz, inform\u00f3 que el colectivo decidi\u00f3 ocupar el inmueble, al ver que el lugar estaba deshabitado y as\u00ed cumplir con las actividades de la organizaci\u00f3n.<\/p>\n<p style=\"text-align: justify;\">\nOgaz indic\u00f3 que la tarde de ayer lleg\u00f3 a su dependencia la notificaci\u00f3n del proceso. No obstante, horas despu\u00e9s, delegados del Municipio expresaron al representante de Diabluma \u00absu voluntad de conversar y llegar a un acuerdo en este sentido\u00bb, dijo Ogaz.<\/p>\n<p style=\"text-align: justify;\">De momento, el vocero adelant\u00f3 que la agrupaci\u00f3n pol\u00edtica mantendr\u00eda conversaciones directas con Margarita Carranco, secretaria de Inclusi\u00f3n y Mariana Andrade, secretaria de Cultura del Municipio de Quito. Esto, luego de que en d\u00edas pasados, ambas funcionarias inspeccionaron el lugar para constatar el trabajo pol\u00edtico y cultural.<\/p>\n<p style=\"text-align: justify;\">\u00abQuieren que desocupemos la casa por tema de propiedad (&#8230;) las dos funcionarias hicieron una visita al espacio, reconocieron nuestro trabajo, pero es complicada la pol\u00edtica, este pedido viene de otros espacios del Municipio\u00bb, detall\u00f3 Ogaz.<\/p>\n<p style=\"text-align: justify;\">El representante del colectivo prefiri\u00f3 no dar mayores detalles sobre la notificaci\u00f3n, porque dijo que sus integrantes prefieren esperar una respuesta del Cabildo quite\u00f1o.(El tel\u00e9grafo)<\/p>\n<p>&nbsp;<\/p>\n<p>&nbsp;<\/p>\n","protected":false},"excerpt":{"rendered":"<p>Ayer, a las 16:00, la organizaci\u00f3n pol\u00edtica Diabluma, quienes ocupan la casa Pukara, recibieron una notificaci\u00f3n de un proceso de<\/p>\n","protected":false},"author":1,"featured_media":0,"comment_status":"open","ping_status":"open","sticky":false,"template":"","format":"standard","meta":{"footnotes":""},"categories":[14],"tags":[],"_links":{"self":[{"href":"https:\/\/www.ecuadoraldia.com.ec\/index.php?rest_route=\/wp\/v2\/posts\/6957"}],"collection":[{"href":"https:\/\/www.ecuadoraldia.com.ec\/index.php?rest_route=\/wp\/v2\/posts"}],"about":[{"href":"https:\/\/www.ecuadoraldia.com.ec\/index.php?rest_route=\/wp\/v2\/types\/post"}],"author":[{"embeddable":true,"href":"https:\/\/www.ecuadoraldia.com.ec\/index.php?rest_route=\/wp\/v2\/users\/1"}],"replies":[{"embeddable":true,"href":"https:\/\/www.ecuadoraldia.com.ec\/index.php?rest_route=%2Fwp%2Fv2%2Fcomments&post=6957"}],"version-history":[{"count":1,"href":"https:\/\/www.ecuadoraldia.com.ec\/index.php?rest_route=\/wp\/v2\/posts\/6957\/revisions"}],"predecessor-version":[{"id":6959,"href":"https:\/\/www.ecuadoraldia.com.ec\/index.php?rest_route=\/wp\/v2\/posts\/6957\/revisions\/6959"}],"wp:attachment":[{"href":"https:\/\/www.ecuadoraldia.com.ec\/index.php?rest_route=%2Fwp%2Fv2%2Fmedia&parent=6957"}],"wp:term":[{"taxonomy":"category","embeddable":true,"href":"https:\/\/www.ecuadoraldia.com.ec\/index.php?rest_route=%2Fwp%2Fv2%2Fcategories&post=6957"},{"taxonomy":"post_tag","embeddable":true,"href":"https:\/\/www.ecuadoraldia.com.ec\/index.php?rest_route=%2Fwp%2Fv2%2Ftags&post=6957"}],"curies":[{"name":"wp","href":"https:\/\/api.w.org\/{rel}","templated":true}]}}