{"id":6963,"date":"2015-01-07T00:56:47","date_gmt":"2015-01-07T00:56:47","guid":{"rendered":"http:\/\/www.ecuadoraldia.com.ec\/?p=6963"},"modified":"2015-01-07T00:56:47","modified_gmt":"2015-01-07T00:56:47","slug":"dos-millones-de-dolares-se-recaudaron-en-el-segundo-dia-de-pagos-de-impuestos","status":"publish","type":"post","link":"https:\/\/www.ecuadoraldia.com.ec\/?p=6963","title":{"rendered":"Dos millones de d\u00f3lares se recaudaron en el segundo d\u00eda de pagos de impuestos"},"content":{"rendered":"<p style=\"text-align: justify;\"><a href=\"http:\/\/www.ecuadoraldia.com.ec\/wp-content\/uploads\/2015\/01\/Prediales-foto-pago-en-servipagos.jpg\"><img loading=\"lazy\" decoding=\"async\" class=\"alignleft size-medium wp-image-6964\" src=\"http:\/\/www.ecuadoraldia.com.ec\/wp-content\/uploads\/2015\/01\/Prediales-foto-pago-en-servipagos-300x189.jpg\" alt=\"Prediales-foto-pago-en-servipagos\" width=\"300\" height=\"189\" srcset=\"https:\/\/www.ecuadoraldia.com.ec\/wp-content\/uploads\/2015\/01\/Prediales-foto-pago-en-servipagos-300x189.jpg 300w, https:\/\/www.ecuadoraldia.com.ec\/wp-content\/uploads\/2015\/01\/Prediales-foto-pago-en-servipagos.jpg 950w\" sizes=\"(max-width: 300px) 100vw, 300px\" \/><\/a>Durante el segundo d\u00eda de cobro de impuesto Predial el Municipio de Quito ha recaudado 2.201.852 d\u00f3lares, de acuerdo al corte realizado a las 17h45, por la Direcci\u00f3n Metropolitana Tributaria.<\/p>\n<p style=\"text-align: justify;\">Esto corresponde a 20.136 contribuyentes, que se refleja en 56.203 t\u00edtulos de cr\u00e9dito. El primer d\u00eda se pagaron 1.874.329, 56 d\u00f3lares, correspondiente a 17.021 contribuyentes. Esto da un total de 4.076.181,56 de 76.339 contribuyentes, en dos d\u00edas.<\/p>\n<p style=\"text-align: justify;\">Para proceder a cancelar los valores del Impuesto Predial existen cerca de 1.874 puntos de recaudaci\u00f3n en bancos privados, cooperativas y mutualistas; los requisitos para cancelar los impuestos en las instituciones financieras son: n\u00famero del predio, nombres y apellidos completos del contribuyente.<\/p>\n<p style=\"text-align: justify;\">Actualmente en el Distrito Metropolitano de Quito se registran aproximadamente 866.000 predios catastrados, se aspira recaudar este a\u00f1o 70 millones de d\u00f3lares.<\/p>\n<p style=\"text-align: justify;\">En el 2014, la emisi\u00f3n total del Impuesto Predial fue de 54 millones. Para el 2015 los 17 millones m\u00e1s corresponden a la aplicaci\u00f3n de la ordenanza de equidad tributaria, al crecimiento del n\u00famero de predios en la ciudad y a la actualizaci\u00f3n permanente del catastro.<\/p>\n","protected":false},"excerpt":{"rendered":"<p>Durante el segundo d\u00eda de cobro de impuesto Predial el Municipio de Quito ha recaudado 2.201.852 d\u00f3lares, de acuerdo al<\/p>\n","protected":false},"author":1,"featured_media":0,"comment_status":"open","ping_status":"open","sticky":false,"template":"","format":"standard","meta":{"footnotes":""},"categories":[9,14],"tags":[],"_links":{"self":[{"href":"https:\/\/www.ecuadoraldia.com.ec\/index.php?rest_route=\/wp\/v2\/posts\/6963"}],"collection":[{"href":"https:\/\/www.ecuadoraldia.com.ec\/index.php?rest_route=\/wp\/v2\/posts"}],"about":[{"href":"https:\/\/www.ecuadoraldia.com.ec\/index.php?rest_route=\/wp\/v2\/types\/post"}],"author":[{"embeddable":true,"href":"https:\/\/www.ecuadoraldia.com.ec\/index.php?rest_route=\/wp\/v2\/users\/1"}],"replies":[{"embeddable":true,"href":"https:\/\/www.ecuadoraldia.com.ec\/index.php?rest_route=%2Fwp%2Fv2%2Fcomments&post=6963"}],"version-history":[{"count":1,"href":"https:\/\/www.ecuadoraldia.com.ec\/index.php?rest_route=\/wp\/v2\/posts\/6963\/revisions"}],"predecessor-version":[{"id":6965,"href":"https:\/\/www.ecuadoraldia.com.ec\/index.php?rest_route=\/wp\/v2\/posts\/6963\/revisions\/6965"}],"wp:attachment":[{"href":"https:\/\/www.ecuadoraldia.com.ec\/index.php?rest_route=%2Fwp%2Fv2%2Fmedia&parent=6963"}],"wp:term":[{"taxonomy":"category","embeddable":true,"href":"https:\/\/www.ecuadoraldia.com.ec\/index.php?rest_route=%2Fwp%2Fv2%2Fcategories&post=6963"},{"taxonomy":"post_tag","embeddable":true,"href":"https:\/\/www.ecuadoraldia.com.ec\/index.php?rest_route=%2Fwp%2Fv2%2Ftags&post=6963"}],"curies":[{"name":"wp","href":"https:\/\/api.w.org\/{rel}","templated":true}]}}