{"id":6966,"date":"2015-01-07T01:18:47","date_gmt":"2015-01-07T01:18:47","guid":{"rendered":"http:\/\/www.ecuadoraldia.com.ec\/?p=6966"},"modified":"2015-01-07T01:18:47","modified_gmt":"2015-01-07T01:18:47","slug":"ecu-911-ibarra-y-periodistas-de-imbabura-coordinan-acciones-por-la-seguridad","status":"publish","type":"post","link":"https:\/\/www.ecuadoraldia.com.ec\/?p=6966","title":{"rendered":"ECU 911 Ibarra y periodistas de Imbabura coordinan acciones por la seguridad"},"content":{"rendered":"<p style=\"text-align: justify;\"><a href=\"http:\/\/www.ecuadoraldia.com.ec\/wp-content\/uploads\/2015\/01\/camilop.jpg\"><img loading=\"lazy\" decoding=\"async\" class=\"alignleft size-full wp-image-6967\" src=\"http:\/\/www.ecuadoraldia.com.ec\/wp-content\/uploads\/2015\/01\/camilop.jpg\" alt=\"camilop\" width=\"270\" height=\"157\" \/><\/a>La ma\u00f1ana del 5 de enero, el Servicio Integrado de Seguridad ECU 911 Centro Zonal Ibarra particip\u00f3 de los actos preparadas por la Uni\u00f3n Nacional de Periodistas- N\u00facleo Imbabura, para conmemorar los 223 a\u00f1os de la aparici\u00f3n de Primicias de la Cultura de Quito y el D\u00eda del Periodista Ecuatoriano.<\/p>\n<p style=\"text-align: justify;\">A las 10:30 se realiz\u00f3 el momento c\u00edvico en el monumento a la Libertad de Expresi\u00f3n, en el que el Centro Zonal coloc\u00f3 una ofrenda floral como reconocimiento a la labor period\u00edstica que ejercen los comunicadores de Imbabura en sus diferentes medios informativos.<\/p>\n<p style=\"text-align: justify;\">Posteriormente se efectu\u00f3 la Sesi\u00f3n Conmemorativa del D\u00eda del Periodista Ecuatoriano, en la que el ECU 911 Ibarra, la Uni\u00f3n de Periodistas N\u00facleo Imbabura y el Colegio de Periodistas firmaron una Carta de Intenci\u00f3n, con el objetivo de concretar acciones mediante un convenio interinstitucional para capacitar a comunicadores en temas de primeros auxilios, normas de convivencia ciudadana y seguridad para la paz; los periodistas, por su parte, se comprometen a difundir al 911 como l\u00ednea \u00fanica para emergencias en sus desempe\u00f1o diario.<\/p>\n<p style=\"text-align: justify;\">Ver\u00f3nica Chicaiza, sub directora t\u00e9cnica zonal, dijo que es importante reconocer la labor de los periodistas al ser los voceros oficiales de todo tipo de servicio ciudadano, por su parte Camilo Ponce Torres, Presidente del Colegio de Periodistas de Imbabura destac\u00f3 la unidad de los gremios y los convenios en bien de la comunidad.<\/p>\n","protected":false},"excerpt":{"rendered":"<p>La ma\u00f1ana del 5 de enero, el Servicio Integrado de Seguridad ECU 911 Centro Zonal Ibarra particip\u00f3 de los actos<\/p>\n","protected":false},"author":1,"featured_media":0,"comment_status":"open","ping_status":"open","sticky":false,"template":"","format":"standard","meta":{"footnotes":""},"categories":[3],"tags":[],"_links":{"self":[{"href":"https:\/\/www.ecuadoraldia.com.ec\/index.php?rest_route=\/wp\/v2\/posts\/6966"}],"collection":[{"href":"https:\/\/www.ecuadoraldia.com.ec\/index.php?rest_route=\/wp\/v2\/posts"}],"about":[{"href":"https:\/\/www.ecuadoraldia.com.ec\/index.php?rest_route=\/wp\/v2\/types\/post"}],"author":[{"embeddable":true,"href":"https:\/\/www.ecuadoraldia.com.ec\/index.php?rest_route=\/wp\/v2\/users\/1"}],"replies":[{"embeddable":true,"href":"https:\/\/www.ecuadoraldia.com.ec\/index.php?rest_route=%2Fwp%2Fv2%2Fcomments&post=6966"}],"version-history":[{"count":1,"href":"https:\/\/www.ecuadoraldia.com.ec\/index.php?rest_route=\/wp\/v2\/posts\/6966\/revisions"}],"predecessor-version":[{"id":6968,"href":"https:\/\/www.ecuadoraldia.com.ec\/index.php?rest_route=\/wp\/v2\/posts\/6966\/revisions\/6968"}],"wp:attachment":[{"href":"https:\/\/www.ecuadoraldia.com.ec\/index.php?rest_route=%2Fwp%2Fv2%2Fmedia&parent=6966"}],"wp:term":[{"taxonomy":"category","embeddable":true,"href":"https:\/\/www.ecuadoraldia.com.ec\/index.php?rest_route=%2Fwp%2Fv2%2Fcategories&post=6966"},{"taxonomy":"post_tag","embeddable":true,"href":"https:\/\/www.ecuadoraldia.com.ec\/index.php?rest_route=%2Fwp%2Fv2%2Ftags&post=6966"}],"curies":[{"name":"wp","href":"https:\/\/api.w.org\/{rel}","templated":true}]}}