{"id":6970,"date":"2015-01-07T01:38:44","date_gmt":"2015-01-07T01:38:44","guid":{"rendered":"http:\/\/www.ecuadoraldia.com.ec\/?p=6970"},"modified":"2015-01-07T01:38:44","modified_gmt":"2015-01-07T01:38:44","slug":"fiscal-general-solicitara-que-se-siga-un-solo-proceso-judicial-por-muerte-de-sharon","status":"publish","type":"post","link":"https:\/\/www.ecuadoraldia.com.ec\/?p=6970","title":{"rendered":"Fiscal General solicitar\u00e1 que se siga un solo proceso judicial por muerte de Sharon"},"content":{"rendered":"<p style=\"text-align: justify;\">\u00a0<a href=\"http:\/\/www.ecuadoraldia.com.ec\/wp-content\/uploads\/2015\/01\/despedida-sharon.jpg\"><img loading=\"lazy\" decoding=\"async\" class=\"alignleft size-medium wp-image-6971\" src=\"http:\/\/www.ecuadoraldia.com.ec\/wp-content\/uploads\/2015\/01\/despedida-sharon-300x190.jpg\" alt=\"despedida sharon\" width=\"300\" height=\"190\" srcset=\"https:\/\/www.ecuadoraldia.com.ec\/wp-content\/uploads\/2015\/01\/despedida-sharon-300x190.jpg 300w, https:\/\/www.ecuadoraldia.com.ec\/wp-content\/uploads\/2015\/01\/despedida-sharon.jpg 450w\" sizes=\"(max-width: 300px) 100vw, 300px\" \/><\/a>El funcionario sostuvo que, en su opini\u00f3n, \u00abes un absurdo tener dos tipos penales sobre un hecho\u00bb, por lo que indic\u00f3 que \u00abes un error que debe rectificarse\u00bb.<\/p>\n<p style=\"text-align: justify;\">\u00abEl fiscal que lleva el caso tiene que determinar un solo tipo penal de acuerdo a los elementos de convicci\u00f3n\u00bb, acot\u00f3.<\/p>\n<p style=\"text-align: justify;\">La muerte de la artista se produjo la madrugada del pasado domingo, en la provincia de Santa Elena, en un confuso accidente. Por este caso, 2 personas fueron procesadas. Una de estas fue Geovanny L.T., esposo de la v\u00edctima, quien qued\u00f3 con prisi\u00f3n preventiva por el presunto delito de femicidio, tipificado en el Art. 141 del C\u00f3digo Org\u00e1nico Integral Penal (COIP). La sanci\u00f3n va de 22 a 26 a\u00f1os de privaci\u00f3n de libertad.<\/p>\n<p style=\"text-align: justify;\">La otra procesada es Tatiana Ch. M., quien qued\u00f3 con prisi\u00f3n preventiva por homicidio culposo (Art. 377 del COIP). Ella supuestamente conduc\u00eda el Mitsubishi Montero blanco, placa GMH-710, que presuntamente embisti\u00f3 a Sharon.<\/p>\n<p style=\"text-align: justify;\">El Fiscal General indic\u00f3 que un fiscal no puede decir, en la fase preprocesal, perseguir un delito como femicidio, sino primero investigar la muerte de una persona y durante su investigaci\u00f3n determinar si obedece a un homicidio, femicidio o accidente de tr\u00e1nsito. \u00abEsa es una herej\u00eda jur\u00eddica que la Fiscal\u00eda General no va a permitir que pase\u00bb, subray\u00f3.<\/p>\n<p style=\"text-align: justify;\">Este martes, Chiriboga ten\u00eda previsto reunirse con el fiscal provincial de Santa Elena, V\u00edctor Tomal\u00e1, para que informe con detalle y se oriente el caso.<\/p>\n<p style=\"text-align: justify;\">El funcionario pidi\u00f3 que se evite especulaciones sobre la muerte de la artista. \u00abDejemos que la investigaci\u00f3n avance. Tenemos la solvencia t\u00e9cnica necesaria para esclarecer este caso. Hemos esclarecido otros hechos m\u00e1s, muchos de ellos complejos\u00bb, apunt\u00f3.<\/p>\n<p style=\"text-align: justify;\">El sepelio de Sharon se realiz\u00f3 hoy en Dur\u00e1n. Aunque se trata de una ceremonia privada, decenas de fan\u00e1ticos llegaron hasta el cementerio Parque de la Paz de dicho cant\u00f3n. (El tel\u00e9grafo)<\/p>\n","protected":false},"excerpt":{"rendered":"<p>\u00a0El funcionario sostuvo que, en su opini\u00f3n, \u00abes un absurdo tener dos tipos penales sobre un hecho\u00bb, por lo que<\/p>\n","protected":false},"author":1,"featured_media":0,"comment_status":"open","ping_status":"open","sticky":false,"template":"","format":"standard","meta":{"footnotes":""},"categories":[5],"tags":[],"_links":{"self":[{"href":"https:\/\/www.ecuadoraldia.com.ec\/index.php?rest_route=\/wp\/v2\/posts\/6970"}],"collection":[{"href":"https:\/\/www.ecuadoraldia.com.ec\/index.php?rest_route=\/wp\/v2\/posts"}],"about":[{"href":"https:\/\/www.ecuadoraldia.com.ec\/index.php?rest_route=\/wp\/v2\/types\/post"}],"author":[{"embeddable":true,"href":"https:\/\/www.ecuadoraldia.com.ec\/index.php?rest_route=\/wp\/v2\/users\/1"}],"replies":[{"embeddable":true,"href":"https:\/\/www.ecuadoraldia.com.ec\/index.php?rest_route=%2Fwp%2Fv2%2Fcomments&post=6970"}],"version-history":[{"count":1,"href":"https:\/\/www.ecuadoraldia.com.ec\/index.php?rest_route=\/wp\/v2\/posts\/6970\/revisions"}],"predecessor-version":[{"id":6972,"href":"https:\/\/www.ecuadoraldia.com.ec\/index.php?rest_route=\/wp\/v2\/posts\/6970\/revisions\/6972"}],"wp:attachment":[{"href":"https:\/\/www.ecuadoraldia.com.ec\/index.php?rest_route=%2Fwp%2Fv2%2Fmedia&parent=6970"}],"wp:term":[{"taxonomy":"category","embeddable":true,"href":"https:\/\/www.ecuadoraldia.com.ec\/index.php?rest_route=%2Fwp%2Fv2%2Fcategories&post=6970"},{"taxonomy":"post_tag","embeddable":true,"href":"https:\/\/www.ecuadoraldia.com.ec\/index.php?rest_route=%2Fwp%2Fv2%2Ftags&post=6970"}],"curies":[{"name":"wp","href":"https:\/\/api.w.org\/{rel}","templated":true}]}}