{"id":6974,"date":"2015-01-07T21:39:39","date_gmt":"2015-01-07T21:39:39","guid":{"rendered":"http:\/\/www.ecuadoraldia.com.ec\/?p=6974"},"modified":"2015-01-07T21:39:39","modified_gmt":"2015-01-07T21:39:39","slug":"hollande-declara-duelo-nacional-en-francia-por-atentado-contra-revista","status":"publish","type":"post","link":"https:\/\/www.ecuadoraldia.com.ec\/?p=6974","title":{"rendered":"Hollande declara duelo nacional en Francia por atentado contra revista"},"content":{"rendered":"<p><a href=\"http:\/\/www.ecuadoraldia.com.ec\/wp-content\/uploads\/2015\/01\/lutooo.jpg\"><img loading=\"lazy\" decoding=\"async\" class=\"alignleft size-medium wp-image-6975\" src=\"http:\/\/www.ecuadoraldia.com.ec\/wp-content\/uploads\/2015\/01\/lutooo-300x199.jpg\" alt=\"A man lights a candle next to a poster reading &quot;Je suis Charlie&quot; (I a\" width=\"300\" height=\"199\" srcset=\"https:\/\/www.ecuadoraldia.com.ec\/wp-content\/uploads\/2015\/01\/lutooo-300x199.jpg 300w, https:\/\/www.ecuadoraldia.com.ec\/wp-content\/uploads\/2015\/01\/lutooo.jpg 800w\" sizes=\"(max-width: 300px) 100vw, 300px\" \/><\/a>Agencia AFP. El presidente franc\u00e9s, Fran\u00e7ois Hollande, decret\u00f3 \u00abjornada de duelo nacional\u00bb el jueves y pidi\u00f3 \u00abunidad\u00bb al pa\u00eds tras el ataque contra el semanario sat\u00edrico Charlie Hebdo, que causo 12 muertos y 11 heridos en Par\u00eds.<\/p>\n<p style=\"text-align: justify;\">\u00abNuestra mejor arma es nuestra unidad. Nada puede dividirnos, nade debe separarnos\u00bb, declar\u00f3 Hollande en una alocuci\u00f3n especial televisada.<\/p>\n<p style=\"text-align: justify;\">El Mandatario anunci\u00f3 igualmente que las banderas ser\u00e1n puestas a media asta durante tres d\u00edas.<\/p>\n<p style=\"text-align: justify;\">En tanto que varios miles de personas se concentraron en Par\u00eds en homenaje a las v\u00edctimas del sangriento atentado.<\/p>\n<p style=\"text-align: justify;\">Convocados por varios sindicatos, asociaciones, medios de comunicaci\u00f3n y partidos pol\u00edticos, los asistentes se reunieron a partir de las 17:00 locales en la c\u00e9ntrica plaza de la Republique, no lejos de la sede de la publicaci\u00f3n.<\/p>\n<p style=\"text-align: justify;\">Algunos llevaban pegatinas y carteles en los que pod\u00eda leerse Je suis Charlie (Yo soy Charlie), que tambi\u00e9n circulaban por las redes sociales.<\/p>\n<p style=\"text-align: justify;\">Entre las pancartas, pod\u00eda leer \u00abCharb mort libre\u00bb, en homenaje a Charb, dibujante y director de Charlie Hebdo, muerto en el ataque, junto a tres de los principales caricaturistas de la publicaci\u00f3n, Cabu, Tignous y Wolinski, todos ellos muy conocidos en Francia.<\/p>\n<p style=\"text-align: justify;\">\u00abEs dram\u00e1tico que estas personas hayan sido asesinadas. Ma\u00f1ana la gente no podr\u00e1 hablar. Tenemos que salir a la calle por miles\u00bb, dijo B\u00e9atrice Cano, manifestante que bland\u00eda el \u00faltimo n\u00famero de Charlie Hebdo, publicado este mi\u00e9rcoles.<\/p>\n<p style=\"text-align: justify;\">\u00abLa libertad de la prensa no tiene precio\u00bb, rezaba otra pancarta.<\/p>\n<p style=\"text-align: justify;\">Al grito de \u00abAl\u00e1 Akbar\u00bb (Dios es el m\u00e1s grande), los atacantes, armados, entraron en los locales de Charlie Hebdo, tirotearon a los trabajadores y despu\u00e9s escaparon, matando a 12 personas a sangre fr\u00eda, entre ellas, varias figuras de esta publicaci\u00f3n emblem\u00e1tica, que ya hab\u00eda sido amenazada en varias ocasiones por sus caricaturas del profeta Mahoma.<\/p>\n<p style=\"text-align: justify;\">La matanza, de una \u00abbarbarie excepcional\u00bb, seg\u00fan el presidente franc\u00e9s, Fran\u00e7ois Hollande, ha provocado indignaci\u00f3n en todo el mundo.<\/p>\n","protected":false},"excerpt":{"rendered":"<p>Agencia AFP. El presidente franc\u00e9s, Fran\u00e7ois Hollande, decret\u00f3 \u00abjornada de duelo nacional\u00bb el jueves y pidi\u00f3 \u00abunidad\u00bb al pa\u00eds tras<\/p>\n","protected":false},"author":1,"featured_media":0,"comment_status":"open","ping_status":"open","sticky":false,"template":"","format":"standard","meta":{"footnotes":""},"categories":[7],"tags":[],"_links":{"self":[{"href":"https:\/\/www.ecuadoraldia.com.ec\/index.php?rest_route=\/wp\/v2\/posts\/6974"}],"collection":[{"href":"https:\/\/www.ecuadoraldia.com.ec\/index.php?rest_route=\/wp\/v2\/posts"}],"about":[{"href":"https:\/\/www.ecuadoraldia.com.ec\/index.php?rest_route=\/wp\/v2\/types\/post"}],"author":[{"embeddable":true,"href":"https:\/\/www.ecuadoraldia.com.ec\/index.php?rest_route=\/wp\/v2\/users\/1"}],"replies":[{"embeddable":true,"href":"https:\/\/www.ecuadoraldia.com.ec\/index.php?rest_route=%2Fwp%2Fv2%2Fcomments&post=6974"}],"version-history":[{"count":1,"href":"https:\/\/www.ecuadoraldia.com.ec\/index.php?rest_route=\/wp\/v2\/posts\/6974\/revisions"}],"predecessor-version":[{"id":6976,"href":"https:\/\/www.ecuadoraldia.com.ec\/index.php?rest_route=\/wp\/v2\/posts\/6974\/revisions\/6976"}],"wp:attachment":[{"href":"https:\/\/www.ecuadoraldia.com.ec\/index.php?rest_route=%2Fwp%2Fv2%2Fmedia&parent=6974"}],"wp:term":[{"taxonomy":"category","embeddable":true,"href":"https:\/\/www.ecuadoraldia.com.ec\/index.php?rest_route=%2Fwp%2Fv2%2Fcategories&post=6974"},{"taxonomy":"post_tag","embeddable":true,"href":"https:\/\/www.ecuadoraldia.com.ec\/index.php?rest_route=%2Fwp%2Fv2%2Ftags&post=6974"}],"curies":[{"name":"wp","href":"https:\/\/api.w.org\/{rel}","templated":true}]}}