{"id":6983,"date":"2015-01-07T22:00:59","date_gmt":"2015-01-07T22:00:59","guid":{"rendered":"http:\/\/www.ecuadoraldia.com.ec\/?p=6983"},"modified":"2015-01-07T22:02:51","modified_gmt":"2015-01-07T22:02:51","slug":"justin-bieber-se-convierte-en-la-nueva-imagen-de-calvin-klein","status":"publish","type":"post","link":"https:\/\/www.ecuadoraldia.com.ec\/?p=6983","title":{"rendered":"Justin Bieber se convierte en la nueva imagen de Calvin Klein"},"content":{"rendered":"<figure id=\"attachment_6984\" aria-describedby=\"caption-attachment-6984\" style=\"width: 300px\" class=\"wp-caption alignleft\"><a href=\"http:\/\/www.ecuadoraldia.com.ec\/wp-content\/uploads\/2015\/01\/faran.jpg\"><img loading=\"lazy\" decoding=\"async\" class=\"size-medium wp-image-6984\" src=\"http:\/\/www.ecuadoraldia.com.ec\/wp-content\/uploads\/2015\/01\/faran-300x208.jpg\" alt=\"Las fotos de Bieber junto a la modelo holandesa Lara Stone han causado sensaci\u00f3n. Foto: tomada de instagram.com\/justinbieber\" width=\"300\" height=\"208\" srcset=\"https:\/\/www.ecuadoraldia.com.ec\/wp-content\/uploads\/2015\/01\/faran-300x208.jpg 300w, https:\/\/www.ecuadoraldia.com.ec\/wp-content\/uploads\/2015\/01\/faran.jpg 450w\" sizes=\"(max-width: 300px) 100vw, 300px\" \/><\/a><figcaption id=\"caption-attachment-6984\" class=\"wp-caption-text\">Las fotos de Bieber junto a la modelo holandesa Lara Stone han causado sensaci\u00f3n. Foto: tomada de instagram.com\/justinbieber<\/figcaption><\/figure>\n<p>El cantante canadiense Justin Bieber recientemente subi\u00f3 a su cuenta de Instagram fotos de la nueva campa\u00f1a de la conocida marca Calvin Klein del dise\u00f1ador del mismo nombre, causando sensaci\u00f3n entre sus fans por aparecer en ropa interior.<\/p>\n<p style=\"text-align: justify;\">Junto al artista particip\u00f3 la sensual modelo holandesa Lara Stone. Ambos aparecen vestidos \u00fanicamente con unos jeans de la firma, abraz\u00e1ndose de manera provocativa.<\/p>\n<p style=\"text-align: justify;\">Gracias a las fotos se pueden apreciar los diversos tatuajes del cantante de 20 a\u00f1os. Las mismas r\u00e1pidamente se han convertido en tendencia en las redes sociales debido a las seguidoras de Bieber.<\/p>\n<p>Justin Bieber muestra su paquete en la nueva campa\u00f1a de Calvin Klein (Fotos + video)<\/p>\n<p>El mundo est\u00e1 experimentando un aumento en la temperatura y no necesariamente por los efectos del cambio clim\u00e1tico sino porque Justin Bieber decidi\u00f3 quitarse su camisa, mostrar los abdominales y como bonus, imitar a Nick Jonas y mostrar su paquete.<\/p>\n<p><a href=\"http:\/\/www.ecuadoraldia.com.ec\/wp-content\/uploads\/2015\/01\/justin-bieber-calvin-klein.ls_.1614.jpg\"><img loading=\"lazy\" decoding=\"async\" class=\"alignleft size-medium wp-image-6985\" src=\"http:\/\/www.ecuadoraldia.com.ec\/wp-content\/uploads\/2015\/01\/justin-bieber-calvin-klein.ls_.1614-214x300.jpg\" alt=\"justin-bieber-calvin-klein.ls.1614\" width=\"214\" height=\"300\" srcset=\"https:\/\/www.ecuadoraldia.com.ec\/wp-content\/uploads\/2015\/01\/justin-bieber-calvin-klein.ls_.1614-214x300.jpg 214w, https:\/\/www.ecuadoraldia.com.ec\/wp-content\/uploads\/2015\/01\/justin-bieber-calvin-klein.ls_.1614.jpg 634w\" sizes=\"(max-width: 214px) 100vw, 214px\" \/><\/a>Justin Bieber sorprendi\u00f3 al mundo, y sobre todo a sus fans, tras protagonizar la \u00faltima campa\u00f1a primavera 2015 de los jeans y ropa interior Calvin Klein junto a Lara Stone, donde el cantante muestra lo mucho que ha crecido.<br \/>\nAdem\u00e1s de las sugerentes fotos donde vemos al int\u00e9rprete modelando en calzoncillos, la famosa marca lanz\u00f3 dos videos donde vemos a Bieber realizar escenas muy hot junto a la modelo holandesa, as\u00ed como otro clip donde se observa el trabajado cuerpo del cantante.<\/p>\n<p><iframe loading=\"lazy\" width=\"800\" height=\"450\" src=\"https:\/\/www.youtube.com\/embed\/SrugNpFB3Ps?feature=oembed\" frameborder=\"0\" allowfullscreen><\/iframe><\/p>\n<p>&nbsp;<\/p>\n<p>&nbsp;<\/p>\n<p>&nbsp;<\/p>\n<p>&nbsp;<\/p>\n<p><a href=\"http:\/\/www.ecuadoraldia.com.ec\/wp-content\/uploads\/2015\/01\/j4.jpg\"><img loading=\"lazy\" decoding=\"async\" class=\"alignleft size-medium wp-image-6988\" src=\"http:\/\/www.ecuadoraldia.com.ec\/wp-content\/uploads\/2015\/01\/j4-214x300.jpg\" alt=\"j4\" width=\"214\" height=\"300\" srcset=\"https:\/\/www.ecuadoraldia.com.ec\/wp-content\/uploads\/2015\/01\/j4-214x300.jpg 214w, https:\/\/www.ecuadoraldia.com.ec\/wp-content\/uploads\/2015\/01\/j4.jpg 634w\" sizes=\"(max-width: 214px) 100vw, 214px\" \/><\/a><\/p>\n","protected":false},"excerpt":{"rendered":"<p>El cantante canadiense Justin Bieber recientemente subi\u00f3 a su cuenta de Instagram fotos de la nueva campa\u00f1a de la conocida<\/p>\n","protected":false},"author":1,"featured_media":0,"comment_status":"open","ping_status":"open","sticky":false,"template":"","format":"standard","meta":{"footnotes":""},"categories":[1],"tags":[],"_links":{"self":[{"href":"https:\/\/www.ecuadoraldia.com.ec\/index.php?rest_route=\/wp\/v2\/posts\/6983"}],"collection":[{"href":"https:\/\/www.ecuadoraldia.com.ec\/index.php?rest_route=\/wp\/v2\/posts"}],"about":[{"href":"https:\/\/www.ecuadoraldia.com.ec\/index.php?rest_route=\/wp\/v2\/types\/post"}],"author":[{"embeddable":true,"href":"https:\/\/www.ecuadoraldia.com.ec\/index.php?rest_route=\/wp\/v2\/users\/1"}],"replies":[{"embeddable":true,"href":"https:\/\/www.ecuadoraldia.com.ec\/index.php?rest_route=%2Fwp%2Fv2%2Fcomments&post=6983"}],"version-history":[{"count":3,"href":"https:\/\/www.ecuadoraldia.com.ec\/index.php?rest_route=\/wp\/v2\/posts\/6983\/revisions"}],"predecessor-version":[{"id":6989,"href":"https:\/\/www.ecuadoraldia.com.ec\/index.php?rest_route=\/wp\/v2\/posts\/6983\/revisions\/6989"}],"wp:attachment":[{"href":"https:\/\/www.ecuadoraldia.com.ec\/index.php?rest_route=%2Fwp%2Fv2%2Fmedia&parent=6983"}],"wp:term":[{"taxonomy":"category","embeddable":true,"href":"https:\/\/www.ecuadoraldia.com.ec\/index.php?rest_route=%2Fwp%2Fv2%2Fcategories&post=6983"},{"taxonomy":"post_tag","embeddable":true,"href":"https:\/\/www.ecuadoraldia.com.ec\/index.php?rest_route=%2Fwp%2Fv2%2Ftags&post=6983"}],"curies":[{"name":"wp","href":"https:\/\/api.w.org\/{rel}","templated":true}]}}