{"id":699,"date":"2013-09-10T16:09:34","date_gmt":"2013-09-10T16:09:34","guid":{"rendered":"http:\/\/www.ecuadoraldia.com.ec\/?p=699"},"modified":"2013-09-10T16:09:34","modified_gmt":"2013-09-10T16:09:34","slug":"estado-ecuatoriano-comprara-a-un-valor-preferencial-el-maiz-a-pequenos-agricultores","status":"publish","type":"post","link":"https:\/\/www.ecuadoraldia.com.ec\/?p=699","title":{"rendered":"Estado ecuatoriano comprar\u00e1 a un valor preferencial el ma\u00edz a peque\u00f1os agricultores"},"content":{"rendered":"<p><strong><a href=\"http:\/\/www.ecuadoraldia.com.ec\/wp-content\/uploads\/2013\/09\/maiz-ec.jpg\"><img loading=\"lazy\" decoding=\"async\" class=\"alignleft size-medium wp-image-700\" alt=\"maiz ec\" src=\"http:\/\/www.ecuadoraldia.com.ec\/wp-content\/uploads\/2013\/09\/maiz-ec-300x236.jpg\" width=\"300\" height=\"236\" srcset=\"https:\/\/www.ecuadoraldia.com.ec\/wp-content\/uploads\/2013\/09\/maiz-ec-300x236.jpg 300w, https:\/\/www.ecuadoraldia.com.ec\/wp-content\/uploads\/2013\/09\/maiz-ec.jpg 305w\" sizes=\"(max-width: 300px) 100vw, 300px\" \/><\/a><\/strong>Guayaquil, 09 sep (Andes).- Como medida para enfrentar la ca\u00edda de precios del grano en el mercado internacional y para precautelar los intereses de los peque\u00f1os productores, la Unidad Nacional de Almacenamiento (UNA) comprar\u00e1 el quintal (qq) de ma\u00edz amarillo a 16,72 d\u00f3lares a los peque\u00f1os agricultores, poseedores de cultivos inferiores a las 10 hect\u00e1reas, anunci\u00f3 el Ministerio de Agricultura.<\/p>\n<p>Mientras tanto fue anunciado el precio m\u00ednimo de sustentaci\u00f3n para septiembre que ser\u00e1 de 14,80 d\u00f3lares por qq (45,36 kg), con 13% de humedad y 1% de impurezas, en condiciones de bodega\/vendedor.<\/p>\n<p>La decisi\u00f3n de sostener precios para los peque\u00f1os maiceros fue recibida con benepl\u00e1cito por el sector. \u201cEllos cuentan con un presupuesto muy ajustado para volver a cultivar y sostener sus familias, por lo que al no bajarle el valor ayudar\u00e1 al sostenimiento de su actividad\u201d, dijo Ra\u00fal Quijije, maicero de la zona de Ventanas, provincia de Los R\u00edos (centro).<\/p>\n<p>Las industrias productoras de balanceado y prote\u00edna animal comprar\u00e1n el volumen, que deb\u00edan adquirir y que a\u00fan no ha absorbido durante mayo, junio, julio y agosto, de acuerdo a los compromisos adquiridos. Los precios vigentes en dichos meses fue: mayo USD 16,50 el qq; junio USD 16,89 el qq; julio USD 16,77 el qq; y agosto USD 16,72 el qq. Tambi\u00e9n deber\u00e1n presentar sus facturas en la Unidad de Registro, Transacciones y Facturaci\u00f3n.<\/p>\n<p>El Magap comunic\u00f3 que el precio de venta del ma\u00edz almacenado en la UNA, que fue comprado en invierno a los agricultores, se vender\u00e1 a las industrias balanceadoras a 20,11 d\u00f3lares el quintal, que incluye costos financieros, almacenamiento, fumigaci\u00f3n y gastos administrativos, en los que incurre la empresa para absorber la producci\u00f3n.<br \/>\nAgencia de Noticias Andes<\/p>\n","protected":false},"excerpt":{"rendered":"<p>Guayaquil, 09 sep (Andes).- Como medida para enfrentar la ca\u00edda de precios del grano en el mercado internacional y para<\/p>\n","protected":false},"author":1,"featured_media":0,"comment_status":"open","ping_status":"open","sticky":false,"template":"","format":"standard","meta":{"footnotes":""},"categories":[9],"tags":[],"_links":{"self":[{"href":"https:\/\/www.ecuadoraldia.com.ec\/index.php?rest_route=\/wp\/v2\/posts\/699"}],"collection":[{"href":"https:\/\/www.ecuadoraldia.com.ec\/index.php?rest_route=\/wp\/v2\/posts"}],"about":[{"href":"https:\/\/www.ecuadoraldia.com.ec\/index.php?rest_route=\/wp\/v2\/types\/post"}],"author":[{"embeddable":true,"href":"https:\/\/www.ecuadoraldia.com.ec\/index.php?rest_route=\/wp\/v2\/users\/1"}],"replies":[{"embeddable":true,"href":"https:\/\/www.ecuadoraldia.com.ec\/index.php?rest_route=%2Fwp%2Fv2%2Fcomments&post=699"}],"version-history":[{"count":2,"href":"https:\/\/www.ecuadoraldia.com.ec\/index.php?rest_route=\/wp\/v2\/posts\/699\/revisions"}],"predecessor-version":[{"id":702,"href":"https:\/\/www.ecuadoraldia.com.ec\/index.php?rest_route=\/wp\/v2\/posts\/699\/revisions\/702"}],"wp:attachment":[{"href":"https:\/\/www.ecuadoraldia.com.ec\/index.php?rest_route=%2Fwp%2Fv2%2Fmedia&parent=699"}],"wp:term":[{"taxonomy":"category","embeddable":true,"href":"https:\/\/www.ecuadoraldia.com.ec\/index.php?rest_route=%2Fwp%2Fv2%2Fcategories&post=699"},{"taxonomy":"post_tag","embeddable":true,"href":"https:\/\/www.ecuadoraldia.com.ec\/index.php?rest_route=%2Fwp%2Fv2%2Ftags&post=699"}],"curies":[{"name":"wp","href":"https:\/\/api.w.org\/{rel}","templated":true}]}}