{"id":6990,"date":"2015-01-07T22:05:49","date_gmt":"2015-01-07T22:05:49","guid":{"rendered":"http:\/\/www.ecuadoraldia.com.ec\/?p=6990"},"modified":"2015-01-07T22:05:49","modified_gmt":"2015-01-07T22:05:49","slug":"cordero-niega-debilitamiento-de-las-fuerzas-armadas","status":"publish","type":"post","link":"https:\/\/www.ecuadoraldia.com.ec\/?p=6990","title":{"rendered":"Cordero niega debilitamiento de las Fuerzas Armadas"},"content":{"rendered":"<p style=\"text-align: justify;\"><a href=\"http:\/\/www.ecuadoraldia.com.ec\/wp-content\/uploads\/2015\/01\/corchoco.jpg\"><img loading=\"lazy\" decoding=\"async\" class=\"alignleft size-medium wp-image-6991\" src=\"http:\/\/www.ecuadoraldia.com.ec\/wp-content\/uploads\/2015\/01\/corchoco-300x200.jpg\" alt=\"corchoco\" width=\"300\" height=\"200\" srcset=\"https:\/\/www.ecuadoraldia.com.ec\/wp-content\/uploads\/2015\/01\/corchoco-300x200.jpg 300w, https:\/\/www.ecuadoraldia.com.ec\/wp-content\/uploads\/2015\/01\/corchoco.jpg 580w\" sizes=\"(max-width: 300px) 100vw, 300px\" \/><\/a>Quito, 7 ene (Andes).- El ministro de Defensa de Ecuador, Fernando Cordero, neg\u00f3 este mi\u00e9rcoles que exista un proceso de debilitamiento de las Fuerzas Armadas (FF.AA.), como hab\u00eda afirmado con anterioridad el coronel en servicio pasivo, Alberto Molina, en una entrevista que public\u00f3 el diario \u00abEl Comercio\u00bb.<\/p>\n<p style=\"text-align: justify;\">\u201cHay como catalogarle como un franco opositor al gobierno -del presidente Rafael Correa- lo cual es totalmente leg\u00edtimo y democr\u00e1tico\u201d, dijo sobre Molina el ministro Cordero. Sin embargo, fue enf\u00e1tico en aseverar que \u201clo que no es correcto es escudarse en una supuesta defensa de las Fuerzas Armadas para decir cosas contra el gobierno\u201d.<\/p>\n<p style=\"text-align: justify;\">En una entrevista con la agencia de noticias Andes, Cordero resalt\u00f3 que durante los ocho a\u00f1os del gobierno de la Revoluci\u00f3n Ciudadana, las inversiones en el \u00e1mbito de defensa se han quintuplicado en relaci\u00f3n a la anterior administraci\u00f3n, de la que form\u00f3 parte, precisamente, el mencionado coronel en servicio pasivo.<\/p>\n<p style=\"text-align: justify;\">\u201cEl desmantelamiento de las Fuerzas Armadas provino de los gobiernos neoliberales, de los gobiernos que antecedieron a la Revoluci\u00f3n Ciudadana. Entre la firma de la paz -con Per\u00fa- en el a\u00f1o 1998 y el 15 de enero de 2007, solo podemos hablar de desmantelamiento de las FF.AA.\u201d, puntualiz\u00f3 el secretario de Estado.<\/p>\n<p style=\"text-align: justify;\">Cordero record\u00f3 la \u00abpenosa situaci\u00f3n\u00bb de las Fuerzas Armadas en a\u00f1os pasados, cuando, por citar un ejemplo, la Fuerza A\u00e9rea Ecuatoriana \u201cya no ten\u00eda aviones\u201d y sus pilotos no ten\u00edan \u201cd\u00f3nde aprender a volar\u201d.<\/p>\n<p style=\"text-align: justify;\">En ese marco, destac\u00f3 la adquisici\u00f3n de una flota de 18 aviones supers\u00f3nicos que fortaleci\u00f3 la operatividad de las Fuerzas Armadas.<\/p>\n<p style=\"text-align: justify;\">Otro tema destacado por el ministro Cordero fue el aumento de los sueldos de los militares ecuatorianos. \u201cHan subido los de m\u00e1s bajo rango hasta en siete veces y los de m\u00e1s alto rango hasta en cuatro veces. Entonces tampoco ah\u00ed hay debilitamiento\u201d, indic\u00f3.<\/p>\n<p style=\"text-align: justify;\">Asimismo, precis\u00f3 que el Instituto de Seguridad de las Fuerzas Armadas (ISSFA) ha crecido en ocho veces desde el 2007. \u201cAhora se cotiza sobre el haber militar, no sobre un salario referencial; son grandes elementos que contradicen exactamente lo que se puede llamar debilitamiento, esto es fortalecimiento\u201d, analiz\u00f3 el funcionario ecuatoriano.<\/p>\n<p style=\"text-align: justify;\">As\u00ed, asever\u00f3 que las pruebas del presunto debilitamiento de las Fuerzas Armadas est\u00e1n en la mente y en la lengua de los opositores del gobierno del presidente Rafael Correa.<\/p>\n<p style=\"text-align: justify;\">El ministro Cordero adem\u00e1s aclar\u00f3 que las Fuerzas Armadas ecuatorianas \u00fanicamente resguardan la integridad f\u00edsica del Presidente, Vicepresidente y Ministro de Defensa, mientras que las dem\u00e1s autoridades son protegidas por miembros de la Polic\u00eda Nacional.<\/p>\n<p style=\"text-align: justify;\">Esto, con el fin de desmentir al coronel (r) Molina, quien tambi\u00e9n hab\u00eda afirmado que con la posible creaci\u00f3n de un Servicio de Protecci\u00f3n P\u00fablico -que se analiza actualmente en la Asamblea Nacional bajo la propuesta de Ley de Entidades de Seguridad Ciudadana- se debilitar\u00eda a las Fuerzas Armadas al quitarles \u201ctradiciones\u201d y \u201crituales\u201d castrenses.<\/p>\n<p style=\"text-align: justify;\">De aprobarse dicho servicio de protecci\u00f3n, este recaer\u00eda en civiles especializados. \u201cEste podr\u00eda ser un hecho debatible, si es que es conveniente o no que un servicio civil adscrito al Ministerio del Interior -porque no es una polic\u00eda pol\u00edtica como dice equ\u00edvocamente este se\u00f1or opositor del gobierno- se cree\u201d, dijo Cordero.<\/p>\n","protected":false},"excerpt":{"rendered":"<p>Quito, 7 ene (Andes).- El ministro de Defensa de Ecuador, Fernando Cordero, neg\u00f3 este mi\u00e9rcoles que exista un proceso de<\/p>\n","protected":false},"author":1,"featured_media":0,"comment_status":"open","ping_status":"open","sticky":false,"template":"","format":"standard","meta":{"footnotes":""},"categories":[3],"tags":[],"_links":{"self":[{"href":"https:\/\/www.ecuadoraldia.com.ec\/index.php?rest_route=\/wp\/v2\/posts\/6990"}],"collection":[{"href":"https:\/\/www.ecuadoraldia.com.ec\/index.php?rest_route=\/wp\/v2\/posts"}],"about":[{"href":"https:\/\/www.ecuadoraldia.com.ec\/index.php?rest_route=\/wp\/v2\/types\/post"}],"author":[{"embeddable":true,"href":"https:\/\/www.ecuadoraldia.com.ec\/index.php?rest_route=\/wp\/v2\/users\/1"}],"replies":[{"embeddable":true,"href":"https:\/\/www.ecuadoraldia.com.ec\/index.php?rest_route=%2Fwp%2Fv2%2Fcomments&post=6990"}],"version-history":[{"count":1,"href":"https:\/\/www.ecuadoraldia.com.ec\/index.php?rest_route=\/wp\/v2\/posts\/6990\/revisions"}],"predecessor-version":[{"id":6992,"href":"https:\/\/www.ecuadoraldia.com.ec\/index.php?rest_route=\/wp\/v2\/posts\/6990\/revisions\/6992"}],"wp:attachment":[{"href":"https:\/\/www.ecuadoraldia.com.ec\/index.php?rest_route=%2Fwp%2Fv2%2Fmedia&parent=6990"}],"wp:term":[{"taxonomy":"category","embeddable":true,"href":"https:\/\/www.ecuadoraldia.com.ec\/index.php?rest_route=%2Fwp%2Fv2%2Fcategories&post=6990"},{"taxonomy":"post_tag","embeddable":true,"href":"https:\/\/www.ecuadoraldia.com.ec\/index.php?rest_route=%2Fwp%2Fv2%2Ftags&post=6990"}],"curies":[{"name":"wp","href":"https:\/\/api.w.org\/{rel}","templated":true}]}}