{"id":6997,"date":"2015-01-08T11:54:23","date_gmt":"2015-01-08T11:54:23","guid":{"rendered":"http:\/\/www.ecuadoraldia.com.ec\/?p=6997"},"modified":"2015-01-08T11:54:23","modified_gmt":"2015-01-08T11:54:23","slug":"credito-chino-llegara-en-partes","status":"publish","type":"post","link":"https:\/\/www.ecuadoraldia.com.ec\/?p=6997","title":{"rendered":"Cr\u00e9dito Chino llegar\u00e1 en partes"},"content":{"rendered":"<p style=\"text-align: justify;\"><a href=\"http:\/\/www.ecuadoraldia.com.ec\/wp-content\/uploads\/2015\/01\/ecuador-china.jpg\"><img loading=\"lazy\" decoding=\"async\" class=\"alignleft size-medium wp-image-6998\" src=\"http:\/\/www.ecuadoraldia.com.ec\/wp-content\/uploads\/2015\/01\/ecuador-china-300x185.jpg\" alt=\"ecuador china\" width=\"300\" height=\"185\" srcset=\"https:\/\/www.ecuadoraldia.com.ec\/wp-content\/uploads\/2015\/01\/ecuador-china-300x185.jpg 300w, https:\/\/www.ecuadoraldia.com.ec\/wp-content\/uploads\/2015\/01\/ecuador-china.jpg 500w\" sizes=\"(max-width: 300px) 100vw, 300px\" \/><\/a>As\u00ed lo confirm\u00f3 ayer el Ministerio de Finanzas, tras informar que el ministro Fausto Herrera firm\u00f3 cinco convenios. Uno por $ 5.296 millones, que es un cr\u00e9dito concesional del Eximbank, destinado a proyectos sociales, de movilidad, riego, infraestructura, etc\u00e9tera. Adicionalmente, la misma entidad ha comprometido $ 250 millones para cocinas de inducci\u00f3n.<\/p>\n<p style=\"text-align: justify;\">Otros $ 1.500 millones vendr\u00edan del China Development Bank (CDB) para financiar el Plan Anual de Inversiones del 2015. Adem\u00e1s de otros rubros de cantidades menores (ver gr\u00e1fico).<\/p>\n<p style=\"text-align: justify;\">Seg\u00fan el exministro de Finanzas Fausto Ortiz, no todo lo que llegue de estas l\u00edneas de cr\u00e9dito podr\u00eda destinarse a financiar el d\u00e9ficit fiscal, pues estos recursos vienen atados a proyectos que se ejecutar\u00e1n en varios a\u00f1os.<\/p>\n<p style=\"text-align: justify;\">Explic\u00f3 que los $ 1.500 millones del Banco de Desarrollo s\u00ed ser\u00edan de libre disponibilidad y cubrir\u00edan la necesidad de financiamiento que tiene el Ecuador y entre las cuales se cuentan incluso importantes vencimientos de deuda del 2015.<\/p>\n<p style=\"text-align: justify;\">Tambi\u00e9n dej\u00f3 abierta la interrogante de si los proyectos a los que est\u00e1n atados los recursos del Eximbank tienen que ver con los ya presupuestados para el 2015 u otros nuevos.<\/p>\n<p style=\"text-align: justify;\">Seg\u00fan el Ministerio de Finanzas, los cr\u00e9ditos ofrecidos se fundamentan en la estabilidad y fortaleza de la pol\u00edtica econ\u00f3mica del pa\u00eds, pese a los efectos por la baja del crudo.<\/p>\n<p style=\"text-align: justify;\">Repago<br \/>\nJaime Carrera opina que China garantizar\u00eda el pago con cr\u00e9ditos atados a la venta de crudo y pagos trimestrales o semestrales.<\/p>\n","protected":false},"excerpt":{"rendered":"<p>As\u00ed lo confirm\u00f3 ayer el Ministerio de Finanzas, tras informar que el ministro Fausto Herrera firm\u00f3 cinco convenios. Uno por<\/p>\n","protected":false},"author":1,"featured_media":0,"comment_status":"open","ping_status":"open","sticky":false,"template":"","format":"standard","meta":{"footnotes":""},"categories":[9],"tags":[],"_links":{"self":[{"href":"https:\/\/www.ecuadoraldia.com.ec\/index.php?rest_route=\/wp\/v2\/posts\/6997"}],"collection":[{"href":"https:\/\/www.ecuadoraldia.com.ec\/index.php?rest_route=\/wp\/v2\/posts"}],"about":[{"href":"https:\/\/www.ecuadoraldia.com.ec\/index.php?rest_route=\/wp\/v2\/types\/post"}],"author":[{"embeddable":true,"href":"https:\/\/www.ecuadoraldia.com.ec\/index.php?rest_route=\/wp\/v2\/users\/1"}],"replies":[{"embeddable":true,"href":"https:\/\/www.ecuadoraldia.com.ec\/index.php?rest_route=%2Fwp%2Fv2%2Fcomments&post=6997"}],"version-history":[{"count":1,"href":"https:\/\/www.ecuadoraldia.com.ec\/index.php?rest_route=\/wp\/v2\/posts\/6997\/revisions"}],"predecessor-version":[{"id":6999,"href":"https:\/\/www.ecuadoraldia.com.ec\/index.php?rest_route=\/wp\/v2\/posts\/6997\/revisions\/6999"}],"wp:attachment":[{"href":"https:\/\/www.ecuadoraldia.com.ec\/index.php?rest_route=%2Fwp%2Fv2%2Fmedia&parent=6997"}],"wp:term":[{"taxonomy":"category","embeddable":true,"href":"https:\/\/www.ecuadoraldia.com.ec\/index.php?rest_route=%2Fwp%2Fv2%2Fcategories&post=6997"},{"taxonomy":"post_tag","embeddable":true,"href":"https:\/\/www.ecuadoraldia.com.ec\/index.php?rest_route=%2Fwp%2Fv2%2Ftags&post=6997"}],"curies":[{"name":"wp","href":"https:\/\/api.w.org\/{rel}","templated":true}]}}