{"id":7000,"date":"2015-01-08T11:59:28","date_gmt":"2015-01-08T11:59:28","guid":{"rendered":"http:\/\/www.ecuadoraldia.com.ec\/?p=7000"},"modified":"2015-01-08T11:59:28","modified_gmt":"2015-01-08T11:59:28","slug":"mision-de-oit-vendra-a-ecuador-para-conocer-proyecto-de-ley-de-justicia-labora","status":"publish","type":"post","link":"https:\/\/www.ecuadoraldia.com.ec\/?p=7000","title":{"rendered":"Misi\u00f3n de OIT vendr\u00e1 a Ecuador para conocer proyecto de Ley de Justicia Labora"},"content":{"rendered":"<p style=\"text-align: justify;\"><a href=\"http:\/\/www.ecuadoraldia.com.ec\/wp-content\/uploads\/2015\/01\/oit.jpg\"><img loading=\"lazy\" decoding=\"async\" class=\"alignleft size-medium wp-image-7001\" src=\"http:\/\/www.ecuadoraldia.com.ec\/wp-content\/uploads\/2015\/01\/oit-300x157.jpg\" alt=\"oit\" width=\"300\" height=\"157\" srcset=\"https:\/\/www.ecuadoraldia.com.ec\/wp-content\/uploads\/2015\/01\/oit-300x157.jpg 300w, https:\/\/www.ecuadoraldia.com.ec\/wp-content\/uploads\/2015\/01\/oit.jpg 630w\" sizes=\"(max-width: 300px) 100vw, 300px\" \/><\/a>El pr\u00f3ximo 26 de enero arribar\u00e1 al pa\u00eds una misi\u00f3n de la Organizaci\u00f3n Internacional del Trabajo (OIT) que durante cinco d\u00edas mantendr\u00e1 reuniones con representantes de trabajadores y de empresarios, as\u00ed como con autoridades de justicia y de la legislatura para conocer los principales planteamientos del proyecto de Ley para la Justicia Laboral, as\u00ed como ver para los avances sobre la sindicalizaci\u00f3n en el pa\u00eds.<\/p>\n<p style=\"text-align: justify;\">As\u00ed lo inform\u00f3 este mi\u00e9rcoles el Ministerio de Trabajo, mediante un comunicado.<\/p>\n<p style=\"text-align: justify;\">El titular de esa cartera de Estado, Carlos Marx Carrasco, recibir\u00e1 a los representantes del organismo. Seg\u00fan el ministerio, la visita se da tras la invitaci\u00f3n del Gobierno planteada en la Conferencia 103 de la OIT, en junio del 2014.<\/p>\n<p style=\"text-align: justify;\">Vea tambi\u00e9n: Alianza PAIS plantea incluir dos temas pol\u00e9micos en proyecto de Ley para la Justicia Laboral<\/p>\n<p style=\"text-align: justify;\">La misi\u00f3n estar\u00e1 integrada por Cleopatra Doumbia-Henry, Directora del Departamento de Normas Internacionales del Trabajo; Alberto Odero, Coordinador de Negociaci\u00f3n Colectiva del Departamento de Normas Internacionales del Trabajo; Xavier Beaudonnet, Jurista del Servicio de Libertad Sindical y Javier Gonz\u00e1lez, Especialista en Normas Internacionales del Trabajo de la Oficina de la OIT en Lima.<\/p>\n<p style=\"text-align: justify;\">Los encuentros ser\u00e1n con la Central Unitaria de Trabajadores, autoridades de Canciller\u00eda, Corte Nacional de Justicia, Corte Constitucional, Asamblea Nacional y representantes del sector productivo.<\/p>\n<p style=\"text-align: justify;\">Seg\u00fan el comunicado, se socializar\u00e1 con los t\u00e9cnicos de la OIT los principales postulados de Ley para la Justicia Laboral y Reconocimiento del Trabajo en el Hogar, como la estabilidad laboral; b\u00fasqueda de la equidad; nuevo sindicalismo; seguridad social y modernizaci\u00f3n del sistema salarial.<\/p>\n<p style=\"text-align: justify;\">La aplicaci\u00f3n del convenio 98, sobre la sindicaci\u00f3n y negociaci\u00f3n colectiva, estar\u00e1 tambi\u00e9n entre los temas a tratar.<\/p>\n<p style=\"text-align: justify;\">El ministerio recalc\u00f3, mediante el bolet\u00edn, que \u201cen la \u00faltima reuni\u00f3n de la OIT, Ecuador dej\u00f3 en firme el cumplimiento de los 61 convenios ratificados con el Organismo Internacional, recibiendo criterios favorables de pa\u00edses de Latinoam\u00e9rica y El Caribe, reafirmando la decisi\u00f3n del Gobierno ecuatoriano de continuar con la construcci\u00f3n y adecuaci\u00f3n de la normativa para el mejor desenvolvimiento de las relaciones entre empleadores y trabajadores\u201d. (Universo)<\/p>\n","protected":false},"excerpt":{"rendered":"<p>El pr\u00f3ximo 26 de enero arribar\u00e1 al pa\u00eds una misi\u00f3n de la Organizaci\u00f3n Internacional del Trabajo (OIT) que durante cinco<\/p>\n","protected":false},"author":1,"featured_media":0,"comment_status":"open","ping_status":"open","sticky":false,"template":"","format":"standard","meta":{"footnotes":""},"categories":[4],"tags":[],"_links":{"self":[{"href":"https:\/\/www.ecuadoraldia.com.ec\/index.php?rest_route=\/wp\/v2\/posts\/7000"}],"collection":[{"href":"https:\/\/www.ecuadoraldia.com.ec\/index.php?rest_route=\/wp\/v2\/posts"}],"about":[{"href":"https:\/\/www.ecuadoraldia.com.ec\/index.php?rest_route=\/wp\/v2\/types\/post"}],"author":[{"embeddable":true,"href":"https:\/\/www.ecuadoraldia.com.ec\/index.php?rest_route=\/wp\/v2\/users\/1"}],"replies":[{"embeddable":true,"href":"https:\/\/www.ecuadoraldia.com.ec\/index.php?rest_route=%2Fwp%2Fv2%2Fcomments&post=7000"}],"version-history":[{"count":1,"href":"https:\/\/www.ecuadoraldia.com.ec\/index.php?rest_route=\/wp\/v2\/posts\/7000\/revisions"}],"predecessor-version":[{"id":7002,"href":"https:\/\/www.ecuadoraldia.com.ec\/index.php?rest_route=\/wp\/v2\/posts\/7000\/revisions\/7002"}],"wp:attachment":[{"href":"https:\/\/www.ecuadoraldia.com.ec\/index.php?rest_route=%2Fwp%2Fv2%2Fmedia&parent=7000"}],"wp:term":[{"taxonomy":"category","embeddable":true,"href":"https:\/\/www.ecuadoraldia.com.ec\/index.php?rest_route=%2Fwp%2Fv2%2Fcategories&post=7000"},{"taxonomy":"post_tag","embeddable":true,"href":"https:\/\/www.ecuadoraldia.com.ec\/index.php?rest_route=%2Fwp%2Fv2%2Ftags&post=7000"}],"curies":[{"name":"wp","href":"https:\/\/api.w.org\/{rel}","templated":true}]}}