{"id":7003,"date":"2015-01-08T21:15:27","date_gmt":"2015-01-08T21:15:27","guid":{"rendered":"http:\/\/www.ecuadoraldia.com.ec\/?p=7003"},"modified":"2015-01-08T21:15:27","modified_gmt":"2015-01-08T21:15:27","slug":"cuatro-objetivos-planteo-correa-en-foro-china-celac-video","status":"publish","type":"post","link":"https:\/\/www.ecuadoraldia.com.ec\/?p=7003","title":{"rendered":"Cuatro objetivos plante\u00f3 Correa en foro China-Celac (video)"},"content":{"rendered":"<p style=\"text-align: justify;\"><a href=\"http:\/\/www.ecuadoraldia.com.ec\/wp-content\/uploads\/2015\/01\/correnchina-00.jpg\"><img loading=\"lazy\" decoding=\"async\" class=\"alignleft size-full wp-image-7004\" src=\"http:\/\/www.ecuadoraldia.com.ec\/wp-content\/uploads\/2015\/01\/correnchina-00.jpg\" alt=\"correnchina-00\" width=\"286\" height=\"217\" \/><\/a>El presidente Rafael Correa calific\u00f3 como \u00abhist\u00f3rico\u00bb que se est\u00e9n dando pasos importantes para concretar una cooperaci\u00f3n m\u00e1s eficiente entre China y la Comunidad de Estados Latinoamericanos y Caribe\u00f1os (Celac), cuyo foro inici\u00f3 este jueves en Pek\u00edn.<\/p>\n<p style=\"text-align: justify;\">En una entrevista con la agencia de noticias Xinhua, Correa explic\u00f3 que estas dos agrupaciones de naciones representan un tercio de la poblaci\u00f3n mundial y su coordinaci\u00f3n puede incidir en el orden planetario.<\/p>\n<p style=\"text-align: justify;\">Expres\u00f3 que la intenci\u00f3n de Ecuador es lograr con China una relaci\u00f3n mucho m\u00e1s amplia que lo estrictamente comercial, y precisamente por aquello, destac\u00f3 la importancia del acuerdo de asociaci\u00f3n estrat\u00e9gica, que implica una voluntad pol\u00edtica mucho m\u00e1s cercana para desarrollar un di\u00e1logo pol\u00edtico permanente a los m\u00e1s altos niveles para tratar los temas diversos.<\/p>\n<p style=\"text-align: justify;\">\u00abNo se trata s\u00f3lo de comercio o financiamiento, sino de visiones conjuntas\u00bb, acot\u00f3 el Mandatario ecuatoriano. En este punto analiz\u00f3 la importancia de la complementariedad que apunta a desarrollarse con China, y las importantes l\u00edneas de cr\u00e9dito que la naci\u00f3n asi\u00e1tica ha abierto no s\u00f3lo para Ecuador, sino para Am\u00e9rica Latina.<\/p>\n<p style=\"text-align: justify;\">Ya en su discurso de inauguraci\u00f3n en el marco del foro, el Jefe de Estado ecuatoriano sostuvo que las relaciones entre ambos bloques deben permitir avanzar en la transformaci\u00f3n del sistema internacional, \u00abque no solo es desigual e injusto, sino que en algunos casos hasta inmoral\u00bb. Mencion\u00f3 as\u00ed por ejemplo a los centros de arbitrajes y transnacionales \u00abdescaradamente parcializados\u00bb.<\/p>\n<p style=\"text-align: justify;\">El gobernante dijo que el foro representa casi 2.000 millones de habitantes y que debe proponerse algunos objetivos principales. Mencion\u00f3 as\u00ed 4 puntos: reforzar el multilateralismo; plantear una profunda transformaci\u00f3n y democratizaci\u00f3n del sistema de Naciones Unidas; impulsar compromisos verdaderos para mitigar la crisis clim\u00e1tica que enfrenta la humanidad; y asegurar una paz duradera en todo el planeta.<\/p>\n<p style=\"text-align: justify;\">Correa subray\u00f3 que en esta etapa de desarrollo que atraviesan los pa\u00edses de Latinoam\u00e9rica y el Caribe, la cooperaci\u00f3n que se requiere de China es formaci\u00f3n de talento humano, transferencia de ciencia y tecnolog\u00eda, y acceso a fuentes de financiamiento.<\/p>\n<p style=\"text-align: justify;\">\u00abNuestra regi\u00f3n cuenta con recursos energ\u00e9ticos y minerales, amplia producci\u00f3n agropecuaria, sociedades estables y en franco crecimiento que podemos aportar. Nos necesitamos unos a otros, somos claramente complementarios\u00bb, acot\u00f3.<\/p>\n<p style=\"text-align: justify;\">Indic\u00f3 que en Ecuador \u00abnos hemos propuesto pasar de ser una sociedad productora de bienes a ser una sociedad del conocimiento, proque estamos convencidos que no hay mejor camino que multilplicar nuestros saberes\u00bb.<\/p>\n<p style=\"text-align: justify;\">Correa manifest\u00f3 que desde la presidencia de la Celac-que Ecuador asumir\u00e1 este mes- \u00abmi pa\u00eds sabr\u00e1 honrar la amistad que nos brinda la Rep\u00fablica Popular de China y buscar\u00e1 la concreci\u00f3n de los proyectos conjuntos en la regi\u00f3n en los t\u00e9rminos que establezcamos aqu\u00ed de com\u00fan acuerdo\u00bb.<\/p>\n<p style=\"text-align: justify;\">El Primer Mandatario inst\u00f3 a los ministros de Asuntos Exteriores que participan en el encuentro a alcanzar \u00abuna cobertura institucional s\u00f3lida\u00bb al \u00abmarco pr\u00e1ctico y realista para la cooperaci\u00f3n\u00bb que la Celac y China ya han puesto en marcha.<\/p>\n<p style=\"text-align: justify;\">\u00abNecesitamos, adem\u00e1s, un plan de cooperaci\u00f3n con objetivos concretos, metas cuantificables y presupuestos comprometidos con plazos y cronogramas realistas y realizables\u00bb, reclam\u00f3.<br \/>\nhttps:\/\/www.youtube.com\/watch?v=u8-Ya4PKTYw<\/p>\n<p style=\"text-align: justify;\">Previamente, el vicecanciller Leonardo Ar\u00edzaga indic\u00f3 que en el marco de las reuniones se estableci\u00f3 que Ecuador sea este a\u00f1o sede del Primer Foro de Ciencia y Tecnolog\u00eda entre China y Am\u00e9rica Latina, seg\u00fan recoge el portal oficial El Ciudadano.<\/p>\n<p style=\"text-align: justify;\">Para el vicecanciller ecuatoriano se trata de \u00abun tema primordial para avanzar en la sociedad del conocimiento\u00bb.<\/p>\n<p style=\"text-align: justify;\">De su lado, Correa confirm\u00f3 que el foro China-Celac ya tiene algunos \u00abresultados tangibles\u00bb, como la convocatoria de este encuentro en septiembre sobre ciencia y tecnolog\u00eda. Avanz\u00f3 que espera impulsar otros sobre energ\u00eda y recursos minerales y otro m\u00e1s sobre desarrollo industrial.<\/p>\n<p style=\"text-align: justify;\">El Mandatario no dej\u00f3 del lado el campo cultural y dijo que \u00abdebemos generar un verdadero tsunami de eventos art\u00edsticos, deportivos, pict\u00f3ricos, conciertos\u00bb, al destacar la cultura multi\u00e9tnica y milenaria de China y la multidiversa de Latinoam\u00e9rica.<\/p>\n<p style=\"text-align: justify;\">Por su parte, el ministro de Relaciones Exteriores de Ecuador, Ricardo Pati\u00f1o, declar\u00f3 a la prensa tras la inauguraci\u00f3n del encuentro que este foro, junto a otras iniciativas como el Banco del Sur, de los siete pa\u00edses sudamericanos, y el Banco de Desarrollo de los BRICS, permitir\u00e1n mejorar la financiaci\u00f3n de los pa\u00edses en desarrollo.<\/p>\n<p style=\"text-align: justify;\">\u00abLas inversiones y el financimiento que China da al mundo supera la cantidad de recursos que est\u00e1 destinando el Banco Mundial. Es mucho m\u00e1s si unimos lo que podr\u00eda dar el Banco de Desarrollo de los BRICS, que incluye Brasil, Rusia, India, China y Sud\u00e1frica, m\u00e1s el Banco del Sur. Cada vez vamos a tener mejores condiciones para financiar el desarrollo de nuestros pa\u00edses\u00bb, augur\u00f3 Pati\u00f1o.<\/p>\n<p style=\"text-align: justify;\">Ecuador relevar\u00e1 a Costa Rica en la Presidencia Pro T\u00e9mpore de la Celac a partir de la cumbre que se celebrar\u00e1 durante los d\u00edas 28 y 29 de enero en San Jos\u00e9 y ocupar\u00e1 esta posici\u00f3n durante 2015.<\/p>\n<p style=\"text-align: justify;\">El presidente Correa y sus acompa\u00f1antes se encuentran ya en la ciudad de Shanghai, en la costa oriental de China, donde tiene previsto ma\u00f1ana ofrecer una conferencia vinculada con el impulso del comercio y las inversiones, un encuentro con las autoridades de esa municipalidad y una visita a los astilleros. (El tel{egrafo)<\/p>\n","protected":false},"excerpt":{"rendered":"<p>El presidente Rafael Correa calific\u00f3 como \u00abhist\u00f3rico\u00bb que se est\u00e9n dando pasos importantes para concretar una cooperaci\u00f3n m\u00e1s eficiente entre<\/p>\n","protected":false},"author":1,"featured_media":0,"comment_status":"open","ping_status":"open","sticky":false,"template":"","format":"standard","meta":{"footnotes":""},"categories":[1],"tags":[],"_links":{"self":[{"href":"https:\/\/www.ecuadoraldia.com.ec\/index.php?rest_route=\/wp\/v2\/posts\/7003"}],"collection":[{"href":"https:\/\/www.ecuadoraldia.com.ec\/index.php?rest_route=\/wp\/v2\/posts"}],"about":[{"href":"https:\/\/www.ecuadoraldia.com.ec\/index.php?rest_route=\/wp\/v2\/types\/post"}],"author":[{"embeddable":true,"href":"https:\/\/www.ecuadoraldia.com.ec\/index.php?rest_route=\/wp\/v2\/users\/1"}],"replies":[{"embeddable":true,"href":"https:\/\/www.ecuadoraldia.com.ec\/index.php?rest_route=%2Fwp%2Fv2%2Fcomments&post=7003"}],"version-history":[{"count":1,"href":"https:\/\/www.ecuadoraldia.com.ec\/index.php?rest_route=\/wp\/v2\/posts\/7003\/revisions"}],"predecessor-version":[{"id":7005,"href":"https:\/\/www.ecuadoraldia.com.ec\/index.php?rest_route=\/wp\/v2\/posts\/7003\/revisions\/7005"}],"wp:attachment":[{"href":"https:\/\/www.ecuadoraldia.com.ec\/index.php?rest_route=%2Fwp%2Fv2%2Fmedia&parent=7003"}],"wp:term":[{"taxonomy":"category","embeddable":true,"href":"https:\/\/www.ecuadoraldia.com.ec\/index.php?rest_route=%2Fwp%2Fv2%2Fcategories&post=7003"},{"taxonomy":"post_tag","embeddable":true,"href":"https:\/\/www.ecuadoraldia.com.ec\/index.php?rest_route=%2Fwp%2Fv2%2Ftags&post=7003"}],"curies":[{"name":"wp","href":"https:\/\/api.w.org\/{rel}","templated":true}]}}