{"id":7006,"date":"2015-01-08T21:17:42","date_gmt":"2015-01-08T21:17:42","guid":{"rendered":"http:\/\/www.ecuadoraldia.com.ec\/?p=7006"},"modified":"2015-01-08T21:17:42","modified_gmt":"2015-01-08T21:17:42","slug":"charlie-hebdo-se-estrecha-el-cerco-de-los-sospechosos-de-atentado","status":"publish","type":"post","link":"https:\/\/www.ecuadoraldia.com.ec\/?p=7006","title":{"rendered":"Charlie Hebdo: se estrecha el cerco de los sospechosos de atentado\u00a0"},"content":{"rendered":"<p style=\"text-align: justify;\"><a href=\"http:\/\/www.ecuadoraldia.com.ec\/wp-content\/uploads\/2015\/01\/charlie9.jpg\"><img loading=\"lazy\" decoding=\"async\" class=\"alignleft size-medium wp-image-7007\" src=\"http:\/\/www.ecuadoraldia.com.ec\/wp-content\/uploads\/2015\/01\/charlie9-300x199.jpg\" alt=\"FRANCE-ATTACKS-MEDIA\" width=\"300\" height=\"199\" srcset=\"https:\/\/www.ecuadoraldia.com.ec\/wp-content\/uploads\/2015\/01\/charlie9-300x199.jpg 300w, https:\/\/www.ecuadoraldia.com.ec\/wp-content\/uploads\/2015\/01\/charlie9.jpg 352w\" sizes=\"(max-width: 300px) 100vw, 300px\" \/><\/a>Agencia AFP. Unidades de \u00e9lite de la fuerza p\u00fablica francesa se desplegaron este jueves cerca de Villers-Cotter\u00eats (80 km al noreste de Par\u00eds), donde los dos sospechosos del atentado contra el semanario Charlie Hebdo fueron vistos poco antes, y la regi\u00f3n fue puesta en estado de alerta m\u00e1xima.<\/p>\n<p style=\"text-align: justify;\">Las unidades de la Polic\u00eda y la gendarmer\u00eda \u00abse desplegaron para verificar objetivos en esa zona, donde qued\u00f3 abandonado el autom\u00f3vil utilizado por los dos sospechosos, identificados por un testigo\u00bb, explic\u00f3 a la una fuente policial.<\/p>\n<p style=\"text-align: justify;\">Helic\u00f3pteros sobrevolaban la zona, y varios convoyes de las fuerzas del orden fueron vistos dirigi\u00e9ndose hacia ella desde la capital.<\/p>\n<p style=\"text-align: justify;\">Los dos hombres fueron reconocidos la ma\u00f1ana del jueves por el encargado de una estaci\u00f3n de gasolina al sur de esa localidad, situada en la regi\u00f3n de Picard\u00eda. Estaban \u00abencapuchados, armados con kalashnikovs y lanzacohetes a la vista\u00bb. La zona era rastrillada por la Polic\u00eda, que prohibi\u00f3 el acceso a ella.<\/p>\n<p style=\"text-align: justify;\">El gobierno declar\u00f3 el estado de alerta m\u00e1xima en la regi\u00f3n de Picard\u00eda. Esta medida concern\u00eda hasta ahora solamente a la regi\u00f3n parisina.<\/p>\n<p style=\"text-align: justify;\">La Polic\u00eda francesa busca activamente desde el mi\u00e9rcoles a los sospechosos, dos hermanos, uno de los cuales yihadista conocido.<\/p>\n<p style=\"text-align: justify;\">Seg\u00fan las autoridades, siete personas fueron detenidas durante la noche y est\u00e1n siendo interrogadas.<\/p>\n<p style=\"text-align: justify;\">Se trata de allegados de los dos sospechosos, Cherif y Said Kouachi, de 32 y 34 a\u00f1os de edad. Un joven de 18 a\u00f1os, sospechoso de complicidad, se entreg\u00f3 a la Polic\u00eda por la noche.<\/p>\n<p style=\"text-align: justify;\">Desde el mi\u00e9rcoles por la tarde, varios lugares de culto musulm\u00e1n fueron blanco de ataques en distintas ciudades de Francia, indicaron fuentes judiciales, algunas de las cuales sospechan actos de venganza por el atentado contra el peri\u00f3dico.<\/p>\n<p style=\"text-align: justify;\">Por otra parte, una polic\u00eda muri\u00f3 y otra persona fue herida en un tiroteo que se produjo en la periferia sur de Par\u00eds. La secci\u00f3n antiterrorista de la fiscal\u00eda de la capital se hizo cargo del caso aunque precisando que hasta ahora no se ha \u00abestablecido un v\u00ednculo\u00bb entre este acto y el atentado del mi\u00e9rcoles.<\/p>\n<p style=\"text-align: justify;\">Una nueva reuni\u00f3n gubernamental de crisis se realiz\u00f3 por la ma\u00f1ana en el palacio del El\u00edseo, alrededor del presidente Fran\u00e7ois Hollande.<\/p>\n<p style=\"text-align: justify;\">El atentado contra Charlie Hebdo, el m\u00e1s mort\u00edfero cometido en Francia en medio siglo, hizo salir a las calles a m\u00e1s 100.000 personas, que el mi\u00e9rcoles por la tarde manifestaron en la capital y otras ciudades de Francia, y provoc\u00f3 indignaci\u00f3n en el mundo entero.<\/p>\n<p style=\"text-align: justify;\">Toda Francia mantuvo este jueves a las 12:00 locales un minuto de silencio en homenaje a las v\u00edctimas del atentado.<\/p>\n<p style=\"text-align: justify;\">Desde el palacio presidencial, hasta el metro parisino, pasando por ministerios, Parlamento, medios de informaci\u00f3n y colegios, el pa\u00eds entero particip\u00f3 en este homenaje. En Par\u00eds, el metro se detuvo durante un minuto, y la Iglesia cat\u00f3lica, blanco a menudo de las s\u00e1tiras de Charlie Hebdo, hizo sonar las campanas de la catedral Notre Dame de Par\u00eds.<\/p>\n<p style=\"text-align: justify;\">El jueves fue declarado d\u00eda de luto nacional y todas las banderas seguir\u00e1n ondeando a media asta durante tres d\u00edas. Una gran manifestaci\u00f3n est\u00e1 prevista el domingo en Par\u00eds, en la que participar\u00e1n asociaciones y partidos tanto de izquierda como de derecha.<\/p>\n<p style=\"text-align: justify;\">La Polic\u00eda difundi\u00f3 durante la noche la foto de los dos hermanos Kouachi. Los investigadores los identificaron tras encontrar el documento de identidad de unos de ellos en el veh\u00edculo utilizado para el atentado, que fue abandonado por los agresores durante su huida.<\/p>\n<p style=\"text-align: justify;\">Los dos sospechosos son los hermanos Ch\u00e9rif (i) y Sa\u00efd Kouachi. Foto: AFP<\/p>\n<p style=\"text-align: justify;\">La condici\u00f3n de islamista de su presunto c\u00f3mplice, Hamyd Mourad, de 18 a\u00f1os, fue puesta en duda el jueves por los testimonios de vecinos y compa\u00f1eros de clase, que aseguraron que estuvo en el instituto secundario en el que estudia \u00abtoda la ma\u00f1ana\u00bb del mi\u00e9rcoles, y que \u00abno tiene nada que ver\u00bb con los fundamentalistas musulmanes.<\/p>\n<p style=\"text-align: justify;\">Ch\u00e9rif Kouachi, en cambio, es un yihadista conocido de los servicios de inteligencia. Fue condenado en 2008 a tres a\u00f1os de prisi\u00f3n, uno y medio condicional, por participaci\u00f3n en una red de env\u00edo de combatientes a Irak para Al Qaida.<\/p>\n<p style=\"text-align: justify;\">El ataque contra Charlie Hebdo dej\u00f3 doce muertos, entre ellos dos polic\u00edas, y 11 heridos. La redacci\u00f3n del peri\u00f3dico fue diezmada, ya que entre los muertos figuran varios de sus principales dibujantes.<\/p>\n<p style=\"text-align: justify;\">\u00abBarbarie\u00bb, \u00abGuerra contra la libertad\u00bb, \u00abLa libertad asesinada\u00bb: los diarios franceses y europeos se hac\u00edan eco el jueves en primera plana del horror provocado por el atentado.<\/p>\n<p style=\"text-align: justify;\">En los peri\u00f3dicos franceses, fondos negros y dibujos rend\u00edan homenaje a las v\u00edctimas. Las palabras \u00abtodos somos Charlie\u00bb eran retomadas a menudo.<\/p>\n<p>&#8216;La unidad nacional es la \u00fanica respuesta\u00bb<\/p>\n<p style=\"text-align: justify;\">\u00abLa unidad nacional es la \u00fanica respuesta posible\u00bb, reiter\u00f3 Manuel Valls, instando a los franceses a \u00abno tener miedo\u00bb frente a una \u00abamenaza terrorista sin precedentes\u00bb.<\/p>\n<p style=\"text-align: justify;\">En una atm\u00f3sfera de uni\u00f3n de todo el pa\u00eds, Fran\u00e7ois Hollande recibi\u00f3 el jueves en el El\u00edseo a su predecesor y exrival Nicolas Sarkozy, jefe del partido opositor de derecha UMP.<\/p>\n<p style=\"text-align: justify;\">El presidente recibir\u00e1 el viernes tambi\u00e9n a la dirigente del ultraderechista Frente Nacional, Marine Le Pen, y a otros dirigentes pol\u00edticos.<\/p>\n<p style=\"text-align: justify;\">Los dirigentes de diferentes religiones denunciaron el atentado. El presidente de Consejo del Culto musulm\u00e1n, entidad representativa de los musulmanes de Francia, Dalil Boubakeur, evoc\u00f3 \u00abun golpe asestado a todos los musulmanes\u00bb.<\/p>\n<p style=\"text-align: justify;\">El atentado suscit\u00f3 una ola de reprobaci\u00f3n en un\u00e1nime en el extranjero y manifestaciones tuvieron lugar en Alemania, Espa\u00f1a y Gran Breta\u00f1a, entre otros pa\u00edses.<\/p>\n","protected":false},"excerpt":{"rendered":"<p>Agencia AFP. Unidades de \u00e9lite de la fuerza p\u00fablica francesa se desplegaron este jueves cerca de Villers-Cotter\u00eats (80 km al<\/p>\n","protected":false},"author":1,"featured_media":0,"comment_status":"open","ping_status":"open","sticky":false,"template":"","format":"standard","meta":{"footnotes":""},"categories":[7],"tags":[],"_links":{"self":[{"href":"https:\/\/www.ecuadoraldia.com.ec\/index.php?rest_route=\/wp\/v2\/posts\/7006"}],"collection":[{"href":"https:\/\/www.ecuadoraldia.com.ec\/index.php?rest_route=\/wp\/v2\/posts"}],"about":[{"href":"https:\/\/www.ecuadoraldia.com.ec\/index.php?rest_route=\/wp\/v2\/types\/post"}],"author":[{"embeddable":true,"href":"https:\/\/www.ecuadoraldia.com.ec\/index.php?rest_route=\/wp\/v2\/users\/1"}],"replies":[{"embeddable":true,"href":"https:\/\/www.ecuadoraldia.com.ec\/index.php?rest_route=%2Fwp%2Fv2%2Fcomments&post=7006"}],"version-history":[{"count":1,"href":"https:\/\/www.ecuadoraldia.com.ec\/index.php?rest_route=\/wp\/v2\/posts\/7006\/revisions"}],"predecessor-version":[{"id":7008,"href":"https:\/\/www.ecuadoraldia.com.ec\/index.php?rest_route=\/wp\/v2\/posts\/7006\/revisions\/7008"}],"wp:attachment":[{"href":"https:\/\/www.ecuadoraldia.com.ec\/index.php?rest_route=%2Fwp%2Fv2%2Fmedia&parent=7006"}],"wp:term":[{"taxonomy":"category","embeddable":true,"href":"https:\/\/www.ecuadoraldia.com.ec\/index.php?rest_route=%2Fwp%2Fv2%2Fcategories&post=7006"},{"taxonomy":"post_tag","embeddable":true,"href":"https:\/\/www.ecuadoraldia.com.ec\/index.php?rest_route=%2Fwp%2Fv2%2Ftags&post=7006"}],"curies":[{"name":"wp","href":"https:\/\/api.w.org\/{rel}","templated":true}]}}