{"id":7009,"date":"2015-01-08T21:19:57","date_gmt":"2015-01-08T21:19:57","guid":{"rendered":"http:\/\/www.ecuadoraldia.com.ec\/?p=7009"},"modified":"2015-01-08T21:19:57","modified_gmt":"2015-01-08T21:19:57","slug":"pago-del-soat-estara-contemplado-en-la-matriculacion-desde-este-ano","status":"publish","type":"post","link":"https:\/\/www.ecuadoraldia.com.ec\/?p=7009","title":{"rendered":"Pago del SOAT estar\u00e1 contemplado en la matriculaci\u00f3n desde este a\u00f1o"},"content":{"rendered":"<figure id=\"attachment_7010\" aria-describedby=\"caption-attachment-7010\" style=\"width: 280px\" class=\"wp-caption alignleft\"><a href=\"http:\/\/www.ecuadoraldia.com.ec\/wp-content\/uploads\/2015\/01\/soat-.jpg\"><img loading=\"lazy\" decoding=\"async\" class=\"size-full wp-image-7010\" src=\"http:\/\/www.ecuadoraldia.com.ec\/wp-content\/uploads\/2015\/01\/soat-.jpg\" alt=\"foto internet\" width=\"280\" height=\"188\" \/><\/a><figcaption id=\"caption-attachment-7010\" class=\"wp-caption-text\">foto internet<\/figcaption><\/figure>\n<p style=\"text-align: justify;\">El Sistema P\u00fablico de Accidentes de Tr\u00e1nsito reemplazar\u00e1 al Seguro Obligatorio de Accidentes de Tr\u00e1nsito (SOAT) desde el lunes 12 de enero, por lo que en un plazo de 180 d\u00edas la Agencia Nacional de Tr\u00e1nsito (ANT) deber\u00e1 implementar el nuevo servicio.<\/p>\n<p style=\"text-align: justify;\">El cambio es parte de las reformas a la Ley de Tr\u00e1nsito que fueron aprobadas el a\u00f1o pasado por la Asamblea Nacional. Esta modificaci\u00f3n implicar\u00e1 que los propietarios de automotores ya no tendr\u00e1n que acercarse a una aseguradora privada para contratar el seguro, sino que el valor se incluir\u00e1 en el pago de la matricula vehicular, as\u00ed lo explic\u00f3 Sandra Delgado, directora t\u00e9cnica del Fondo de Accidentes de Tr\u00e1nsito (Fonsat).<\/p>\n<p style=\"text-align: justify;\">Durante los 180 d\u00edas o hasta que la ANT anuncie la puesta en funcionamiento del tr\u00e1mite, las personas no podr\u00e1n adquirir el SOAT o tendr\u00e1n un tiempo de gracia por lo que no se cobrar\u00e1 multa.<\/p>\n<p style=\"text-align: justify;\">Delgado inform\u00f3 que el tiempo de transici\u00f3n ser\u00e1 de aproximadamente 6 meses, mientras tanto, todas las personas que sufran un accidente de tr\u00e1nsito tendr\u00e1n cobertura en caso de un siniestro.<\/p>\n<p style=\"text-align: justify;\">La funcionaria sostuvo que \u201cla mayor\u00eda de los veh\u00edculos en el territorio ecuatoriano cuentan actualmente con una p\u00f3liza de vida del SOAT, esa p\u00f3liza est\u00e1 totalmente vigente hasta su vencimiento (\u2026) el FONSAT fue creado desde el inicio para dar la protecci\u00f3n necesaria a las v\u00edctimas de accidentes de tr\u00e1nsito\u201d.<\/p>\n<p style=\"text-align: justify;\">Por su parte, la Agencia Nacional de Tr\u00e1nsito (ANT) asegur\u00f3 que aquellos veh\u00edculos que no pagaron el SOAT del a\u00f1o anterior tendr\u00e1n un recargo por mora, cuando inicie el nuevo proceso de cobro en los pr\u00f3ximos 6 meses.(el telegrafo)<\/p>\n","protected":false},"excerpt":{"rendered":"<p>El Sistema P\u00fablico de Accidentes de Tr\u00e1nsito reemplazar\u00e1 al Seguro Obligatorio de Accidentes de Tr\u00e1nsito (SOAT) desde el lunes 12<\/p>\n","protected":false},"author":1,"featured_media":0,"comment_status":"open","ping_status":"open","sticky":false,"template":"","format":"standard","meta":{"footnotes":""},"categories":[4],"tags":[],"_links":{"self":[{"href":"https:\/\/www.ecuadoraldia.com.ec\/index.php?rest_route=\/wp\/v2\/posts\/7009"}],"collection":[{"href":"https:\/\/www.ecuadoraldia.com.ec\/index.php?rest_route=\/wp\/v2\/posts"}],"about":[{"href":"https:\/\/www.ecuadoraldia.com.ec\/index.php?rest_route=\/wp\/v2\/types\/post"}],"author":[{"embeddable":true,"href":"https:\/\/www.ecuadoraldia.com.ec\/index.php?rest_route=\/wp\/v2\/users\/1"}],"replies":[{"embeddable":true,"href":"https:\/\/www.ecuadoraldia.com.ec\/index.php?rest_route=%2Fwp%2Fv2%2Fcomments&post=7009"}],"version-history":[{"count":1,"href":"https:\/\/www.ecuadoraldia.com.ec\/index.php?rest_route=\/wp\/v2\/posts\/7009\/revisions"}],"predecessor-version":[{"id":7011,"href":"https:\/\/www.ecuadoraldia.com.ec\/index.php?rest_route=\/wp\/v2\/posts\/7009\/revisions\/7011"}],"wp:attachment":[{"href":"https:\/\/www.ecuadoraldia.com.ec\/index.php?rest_route=%2Fwp%2Fv2%2Fmedia&parent=7009"}],"wp:term":[{"taxonomy":"category","embeddable":true,"href":"https:\/\/www.ecuadoraldia.com.ec\/index.php?rest_route=%2Fwp%2Fv2%2Fcategories&post=7009"},{"taxonomy":"post_tag","embeddable":true,"href":"https:\/\/www.ecuadoraldia.com.ec\/index.php?rest_route=%2Fwp%2Fv2%2Ftags&post=7009"}],"curies":[{"name":"wp","href":"https:\/\/api.w.org\/{rel}","templated":true}]}}