{"id":7012,"date":"2015-01-08T21:21:07","date_gmt":"2015-01-08T21:21:07","guid":{"rendered":"http:\/\/www.ecuadoraldia.com.ec\/?p=7012"},"modified":"2015-01-08T21:21:07","modified_gmt":"2015-01-08T21:21:07","slug":"salazar-fue-elegico-como-nuevo-presidente-del-cne","status":"publish","type":"post","link":"https:\/\/www.ecuadoraldia.com.ec\/?p=7012","title":{"rendered":"Salazar fu\u00e9 elegico como nuevo presidente del CNE"},"content":{"rendered":"<p><a href=\"http:\/\/www.ecuadoraldia.com.ec\/wp-content\/uploads\/2015\/01\/cnenuevo_.jpg\"><img loading=\"lazy\" decoding=\"async\" class=\"alignleft size-medium wp-image-7013\" src=\"http:\/\/www.ecuadoraldia.com.ec\/wp-content\/uploads\/2015\/01\/cnenuevo_-300x126.jpg\" alt=\"cnenuevo_\" width=\"300\" height=\"126\" srcset=\"https:\/\/www.ecuadoraldia.com.ec\/wp-content\/uploads\/2015\/01\/cnenuevo_-300x126.jpg 300w, https:\/\/www.ecuadoraldia.com.ec\/wp-content\/uploads\/2015\/01\/cnenuevo_.jpg 450w\" sizes=\"(max-width: 300px) 100vw, 300px\" \/><\/a>Pa\u00fal Salazar, quien se desempe\u00f1\u00f3 vicepresidente del Consejo Nacional Electoral (CNE) por 3 a\u00f1os, fue electo hoy como presidente de ese organismo.<\/p>\n<p style=\"text-align: justify;\">La elecci\u00f3n se realiz\u00f3 en la primera sesi\u00f3n de la entidad, luego de que la asaanblea Nacional posesionara a los dos nuevos vocales que reemplazan a Domingo Paredes y Soxana Silva; (Gloria Toapanta y Carlos Tayupanta).<\/p>\n<p style=\"text-align: justify;\">Carlos Tayupanta, quien fue electo con 96 puntos en el concurso de selecci\u00f3n del Consejo de Participaci\u00f3n Ciudadana y Control Social (Cpccs), fue nombrado como vicepresidente.<\/p>\n<p style=\"text-align: justify;\">Toapanta y Tayupanta argumentaron que fueron nombrados por m\u00e9ritos y que garantizar\u00e1n democracia en el organismo electoral.<\/p>\n<p style=\"text-align: justify;\">Tambi\u00e9n se posesion\u00f3 a M\u00f3nica Rodr\u00edguez- quien obtuvo 87 puntos- como vocal suplente de Gloria Toapanta. Sin embargo, Solanda Goyez, quien obtuvo 88 puntos en el concurso, no se posesion\u00f3 como vocal suplente de Carlos Tayupanta. sealando que hubo irregularidades en el concurso.<\/p>\n<p style=\"text-align: justify;\">Luego de estas posesiones, el CNE qued\u00f3 integrado por Pa\u00fal Salazar como presidente; Carlos Tayupanta como vicepresidente, adem\u00e1s de los consejeros Juan Pablo Pozo, Nubia Villac\u00eds y Gloria Toapanta.<\/p>\n<p style=\"text-align: justify;\">Las reformas al C\u00f3digo de la Democracia es uno de los retos pendientes del organismo electoral, que seg\u00fan el saliente Presidente Domingo Paredes est\u00e1 en prceso y que la asambla deber\u00e1 aprobarlo, una vez que sea remitido.<\/p>\n","protected":false},"excerpt":{"rendered":"<p>Pa\u00fal Salazar, quien se desempe\u00f1\u00f3 vicepresidente del Consejo Nacional Electoral (CNE) por 3 a\u00f1os, fue electo hoy como presidente de<\/p>\n","protected":false},"author":1,"featured_media":0,"comment_status":"open","ping_status":"open","sticky":false,"template":"","format":"standard","meta":{"footnotes":""},"categories":[3],"tags":[],"_links":{"self":[{"href":"https:\/\/www.ecuadoraldia.com.ec\/index.php?rest_route=\/wp\/v2\/posts\/7012"}],"collection":[{"href":"https:\/\/www.ecuadoraldia.com.ec\/index.php?rest_route=\/wp\/v2\/posts"}],"about":[{"href":"https:\/\/www.ecuadoraldia.com.ec\/index.php?rest_route=\/wp\/v2\/types\/post"}],"author":[{"embeddable":true,"href":"https:\/\/www.ecuadoraldia.com.ec\/index.php?rest_route=\/wp\/v2\/users\/1"}],"replies":[{"embeddable":true,"href":"https:\/\/www.ecuadoraldia.com.ec\/index.php?rest_route=%2Fwp%2Fv2%2Fcomments&post=7012"}],"version-history":[{"count":1,"href":"https:\/\/www.ecuadoraldia.com.ec\/index.php?rest_route=\/wp\/v2\/posts\/7012\/revisions"}],"predecessor-version":[{"id":7014,"href":"https:\/\/www.ecuadoraldia.com.ec\/index.php?rest_route=\/wp\/v2\/posts\/7012\/revisions\/7014"}],"wp:attachment":[{"href":"https:\/\/www.ecuadoraldia.com.ec\/index.php?rest_route=%2Fwp%2Fv2%2Fmedia&parent=7012"}],"wp:term":[{"taxonomy":"category","embeddable":true,"href":"https:\/\/www.ecuadoraldia.com.ec\/index.php?rest_route=%2Fwp%2Fv2%2Fcategories&post=7012"},{"taxonomy":"post_tag","embeddable":true,"href":"https:\/\/www.ecuadoraldia.com.ec\/index.php?rest_route=%2Fwp%2Fv2%2Ftags&post=7012"}],"curies":[{"name":"wp","href":"https:\/\/api.w.org\/{rel}","templated":true}]}}