{"id":7015,"date":"2015-01-08T21:26:43","date_gmt":"2015-01-08T21:26:43","guid":{"rendered":"http:\/\/www.ecuadoraldia.com.ec\/?p=7015"},"modified":"2015-01-08T21:26:43","modified_gmt":"2015-01-08T21:26:43","slug":"el-estremecedor-testimonio-de-la-mujer-que-dejo-entrar-a-los-terroristas-a-charlie-hebdo","status":"publish","type":"post","link":"https:\/\/www.ecuadoraldia.com.ec\/?p=7015","title":{"rendered":"El estremecedor testimonio de la mujer que dej\u00f3 entrar a los terroristas a Charlie Hebdo"},"content":{"rendered":"<p style=\"text-align: justify;\"><a href=\"http:\/\/www.ecuadoraldia.com.ec\/wp-content\/uploads\/2015\/01\/caso.jpg\"><img loading=\"lazy\" decoding=\"async\" class=\"alignleft size-medium wp-image-7016\" src=\"http:\/\/www.ecuadoraldia.com.ec\/wp-content\/uploads\/2015\/01\/caso-300x168.jpg\" alt=\"caso\" width=\"300\" height=\"168\" srcset=\"https:\/\/www.ecuadoraldia.com.ec\/wp-content\/uploads\/2015\/01\/caso-300x168.jpg 300w, https:\/\/www.ecuadoraldia.com.ec\/wp-content\/uploads\/2015\/01\/caso.jpg 770w\" sizes=\"(max-width: 300px) 100vw, 300px\" \/><\/a>Corinne Rey, colaboradora de la revista francesa Charlie Hebdo, fue quien tecle\u00f3 el c\u00f3digo de acceso al edificio donde funcionaba la redacci\u00f3n, dejando entrar a los dos terroristas que abrieron fuego y mataron a 12 personas e hirieron a otras 11. Seg\u00fan cont\u00f3 a la prensa, todav\u00eda en shock, hab\u00eda ido a buscar a su hija al jard\u00edn de infantes y regresaba al lugar cuando fue sorprendida por los atacantes.<\/p>\n<p style=\"text-align: justify;\">\u00abCuando estaba por entrar, vinieron dos hombres encapuchados y armados. Nos amenazaron brualmente\u00bb, explic\u00f3. \u00abQuer\u00edan entrar. Escrib\u00ed el c\u00f3digo&#8230; Le dispararon a Wolinski, Cabu. Eso dur\u00f3 cinco minutos. Me refugi\u00e9 en una oficina\u00bb, agreg\u00f3 desconsolada. De acuerdo con Rey, ambos hombres hablaban \u00abperfectamente franc\u00e9s\u00bb y \u00abse reivindicaron como miembros de Al Qaeda\u00bb.<\/p>\n<p style=\"text-align: justify;\">Las autoridades han determinado que los atacantes eran tres en total, aunque s\u00f3lo dos habr\u00edan ingresado a la redacci\u00f3n, ubicada en el 10 de la calle Nicolas Appert, cerca del canal San Mart\u00edn, en una concurrida zona de Par\u00eds. Todav\u00eda no fue confirmado si los hombres respond\u00edan a una c\u00e9lula terrorista, pero s\u00ed que se trata de musulmanes, ya que gritaron \u00abViva Al\u00e1. Hemos vengado al profeta\u00bb. La revista sat\u00edrica sol\u00eda burlarse de las religiones, incluido el islamismo.(Infobae)<\/p>\n","protected":false},"excerpt":{"rendered":"<p>Corinne Rey, colaboradora de la revista francesa Charlie Hebdo, fue quien tecle\u00f3 el c\u00f3digo de acceso al edificio donde funcionaba<\/p>\n","protected":false},"author":1,"featured_media":0,"comment_status":"open","ping_status":"open","sticky":false,"template":"","format":"standard","meta":{"footnotes":""},"categories":[1],"tags":[],"_links":{"self":[{"href":"https:\/\/www.ecuadoraldia.com.ec\/index.php?rest_route=\/wp\/v2\/posts\/7015"}],"collection":[{"href":"https:\/\/www.ecuadoraldia.com.ec\/index.php?rest_route=\/wp\/v2\/posts"}],"about":[{"href":"https:\/\/www.ecuadoraldia.com.ec\/index.php?rest_route=\/wp\/v2\/types\/post"}],"author":[{"embeddable":true,"href":"https:\/\/www.ecuadoraldia.com.ec\/index.php?rest_route=\/wp\/v2\/users\/1"}],"replies":[{"embeddable":true,"href":"https:\/\/www.ecuadoraldia.com.ec\/index.php?rest_route=%2Fwp%2Fv2%2Fcomments&post=7015"}],"version-history":[{"count":1,"href":"https:\/\/www.ecuadoraldia.com.ec\/index.php?rest_route=\/wp\/v2\/posts\/7015\/revisions"}],"predecessor-version":[{"id":7017,"href":"https:\/\/www.ecuadoraldia.com.ec\/index.php?rest_route=\/wp\/v2\/posts\/7015\/revisions\/7017"}],"wp:attachment":[{"href":"https:\/\/www.ecuadoraldia.com.ec\/index.php?rest_route=%2Fwp%2Fv2%2Fmedia&parent=7015"}],"wp:term":[{"taxonomy":"category","embeddable":true,"href":"https:\/\/www.ecuadoraldia.com.ec\/index.php?rest_route=%2Fwp%2Fv2%2Fcategories&post=7015"},{"taxonomy":"post_tag","embeddable":true,"href":"https:\/\/www.ecuadoraldia.com.ec\/index.php?rest_route=%2Fwp%2Fv2%2Ftags&post=7015"}],"curies":[{"name":"wp","href":"https:\/\/api.w.org\/{rel}","templated":true}]}}