{"id":7018,"date":"2015-01-10T01:05:26","date_gmt":"2015-01-10T01:05:26","guid":{"rendered":"http:\/\/www.ecuadoraldia.com.ec\/?p=7018"},"modified":"2015-01-10T01:05:26","modified_gmt":"2015-01-10T01:05:26","slug":"hollande-la-amenaza-terrorista-no-ha-terminado-en-francia","status":"publish","type":"post","link":"https:\/\/www.ecuadoraldia.com.ec\/?p=7018","title":{"rendered":"Hollande: La amenaza terrorista no ha terminado en Francia"},"content":{"rendered":"<p style=\"text-align: justify;\"><a href=\"http:\/\/www.ecuadoraldia.com.ec\/wp-content\/uploads\/2015\/01\/ollande.jpg\"><img loading=\"lazy\" decoding=\"async\" class=\"alignleft size-medium wp-image-7019\" src=\"http:\/\/www.ecuadoraldia.com.ec\/wp-content\/uploads\/2015\/01\/ollande-300x141.jpg\" alt=\"ollande\" width=\"300\" height=\"141\" srcset=\"https:\/\/www.ecuadoraldia.com.ec\/wp-content\/uploads\/2015\/01\/ollande-300x141.jpg 300w, https:\/\/www.ecuadoraldia.com.ec\/wp-content\/uploads\/2015\/01\/ollande.jpg 635w\" sizes=\"(max-width: 300px) 100vw, 300px\" \/><\/a>El presidente franc\u00e9s Fran\u00e7ois Hollande anunci\u00f3 este viernes tras el dram\u00e1tico desenlace de la doble toma de rehenes por yihadistas que Francia supo \u00abhacer frente\u00bb pero advirti\u00f3 que \u00abno ha terminado con las amenazas\u00bb que pesan sobre el pa\u00eds.<\/p>\n<p style=\"text-align: justify;\">\u00abFrancia, a pesar de ser consciente de haber hecho frente, a pesar de disponer de fuerzas de seguridad integradas por hombres y mujeres capaces de coraje y bravura, no ha terminado con las amenazas de que es objeto. Les hago un llamamiento a la vigilancia, a la unidad y a la movilizaci\u00f3n\u00bb, dijo Hollande en un mensaje televisado.<\/p>\n<p style=\"text-align: justify;\">El mandatario anunci\u00f3 tambi\u00e9n que participar\u00e1 en la gran manifestaci\u00f3n prevista para el domingo en Par\u00eds en solidaridad con Charlie Hebdo, junto a otros dirigentes europeos.<\/p>\n<p style=\"text-align: justify;\">\u00abNumerosos jefes de Estado y de Gobierno del mundo entero quisieron expresar su solidaridad\u00bb y \u00abvarios hicieron saber que estar\u00e1n aqu\u00ed para la gran manifestaci\u00f3n del domingo. Yo estar\u00e9 con ellos\u00bb, manifest\u00f3.<\/p>\n<p style=\"text-align: justify;\">Hollande exhort\u00f3 a todos los franceses \u00aba levantarse juntos para defender los valores de democracia, libertad y pluralismo\u00bb que \u00abEuropa representa de cierta manera\u00bb.<\/p>\n<p style=\"text-align: justify;\">Se ha anunciado la participaci\u00f3n en la manifestaci\u00f3n del domingo en Par\u00eds del presidente del Gobierno espa\u00f1ol Mariano Rajoy, de los jefes de Gobierno brit\u00e1nico David Cameron e italiano Matteo Renzi y de la canciller alemana Angela Merkel, as\u00ed como la del presidente del Consejo Europeo, Donald Tusk.<\/p>\n<p style=\"text-align: justify;\">Hollande dio la orden para doble asalto<\/p>\n<p style=\"text-align: justify;\">En una entrevista con el canal de televisi\u00f3n TF1, el primer ministro franc\u00e9s, Manuel Valls, se\u00f1al\u00f3 que la doble decisi\u00f3n \u00abla tom\u00f3 esta tarde el presidente de la Rep\u00fablica conmigo, con el ministro del Interior, Bernard Cazeneuve, con la ministra de Justicia, Christiane Taubira\u00bb.<\/p>\n<p style=\"text-align: justify;\">\u00abHabr\u00eda podido ser m\u00e1s largo y todav\u00eda m\u00e1s dram\u00e1tico\u00bb, a\u00f1adi\u00f3 Valls antes de concluir que al final ha habido \u00abun alivio\u00bb porque el \u00abdestacable trabajo\u00bb de las fuerzas del orden ha permitido que los terroristas dejen de causar da\u00f1o.<\/p>\n<p style=\"text-align: justify;\">El Primer Ministro advirti\u00f3 de que Francia todav\u00eda puede \u00absufrir ataques\u00bb despu\u00e9s del desenlace hoy de las operaciones, una realizada a unos 40 kil\u00f3metros de Par\u00eds contra los 2 presuntos autores del atentado del semanario sat\u00edrico Charlie Hebdo, y otra para capturar al terrorista que hab\u00eda tomado rehenes en un supermercado jud\u00edo al este de la capital francesa.<\/p>\n<p style=\"text-align: justify;\">En la primera, en Dammartin-en-Go\u00eble, fueron abatidos los hermanos Cherif y Said Kouachi; en la segunda, en el supermercado Hyper Cacher, muri\u00f3 Amedy Coulibaly, el presunto asesino ayer de una polic\u00eda municipal al sur de Par\u00eds.<\/p>\n<p style=\"text-align: justify;\">Coulibaly hab\u00eda tomado varios rehenes, 4 de los cuales murieron durante el secuestro.(AFP)<\/p>\n<p style=\"text-align: justify;\"><iframe loading=\"lazy\" width=\"800\" height=\"600\" src=\"https:\/\/www.youtube.com\/embed\/EIOb8_Cuet0?feature=oembed\" frameborder=\"0\" allowfullscreen><\/iframe><\/p>\n","protected":false},"excerpt":{"rendered":"<p>El presidente franc\u00e9s Fran\u00e7ois Hollande anunci\u00f3 este viernes tras el dram\u00e1tico desenlace de la doble toma de rehenes por yihadistas<\/p>\n","protected":false},"author":1,"featured_media":0,"comment_status":"open","ping_status":"open","sticky":false,"template":"","format":"standard","meta":{"footnotes":""},"categories":[7],"tags":[],"_links":{"self":[{"href":"https:\/\/www.ecuadoraldia.com.ec\/index.php?rest_route=\/wp\/v2\/posts\/7018"}],"collection":[{"href":"https:\/\/www.ecuadoraldia.com.ec\/index.php?rest_route=\/wp\/v2\/posts"}],"about":[{"href":"https:\/\/www.ecuadoraldia.com.ec\/index.php?rest_route=\/wp\/v2\/types\/post"}],"author":[{"embeddable":true,"href":"https:\/\/www.ecuadoraldia.com.ec\/index.php?rest_route=\/wp\/v2\/users\/1"}],"replies":[{"embeddable":true,"href":"https:\/\/www.ecuadoraldia.com.ec\/index.php?rest_route=%2Fwp%2Fv2%2Fcomments&post=7018"}],"version-history":[{"count":1,"href":"https:\/\/www.ecuadoraldia.com.ec\/index.php?rest_route=\/wp\/v2\/posts\/7018\/revisions"}],"predecessor-version":[{"id":7020,"href":"https:\/\/www.ecuadoraldia.com.ec\/index.php?rest_route=\/wp\/v2\/posts\/7018\/revisions\/7020"}],"wp:attachment":[{"href":"https:\/\/www.ecuadoraldia.com.ec\/index.php?rest_route=%2Fwp%2Fv2%2Fmedia&parent=7018"}],"wp:term":[{"taxonomy":"category","embeddable":true,"href":"https:\/\/www.ecuadoraldia.com.ec\/index.php?rest_route=%2Fwp%2Fv2%2Fcategories&post=7018"},{"taxonomy":"post_tag","embeddable":true,"href":"https:\/\/www.ecuadoraldia.com.ec\/index.php?rest_route=%2Fwp%2Fv2%2Ftags&post=7018"}],"curies":[{"name":"wp","href":"https:\/\/api.w.org\/{rel}","templated":true}]}}