{"id":7027,"date":"2015-01-10T01:19:48","date_gmt":"2015-01-10T01:19:48","guid":{"rendered":"http:\/\/www.ecuadoraldia.com.ec\/?p=7027"},"modified":"2015-01-10T01:19:48","modified_gmt":"2015-01-10T01:19:48","slug":"un-amparo-constitucional-obligo-a-suspender-las-elecciones-para-presidente-de-la-federacion-ecuatoriana-de-futbol-2","status":"publish","type":"post","link":"https:\/\/www.ecuadoraldia.com.ec\/?p=7027","title":{"rendered":"Un amparo constitucional oblig\u00f3 a suspender las elecciones para presidente de la Federaci\u00f3n Ecuatoriana de F\u00fatbol"},"content":{"rendered":"<p style=\"text-align: justify;\"><a href=\"http:\/\/www.ecuadoraldia.com.ec\/wp-content\/uploads\/2015\/01\/chiribiga.jpg\"><img loading=\"lazy\" decoding=\"async\" class=\"alignleft size-medium wp-image-7028\" src=\"http:\/\/www.ecuadoraldia.com.ec\/wp-content\/uploads\/2015\/01\/chiribiga-300x199.jpg\" alt=\"chiribiga\" width=\"300\" height=\"199\" srcset=\"https:\/\/www.ecuadoraldia.com.ec\/wp-content\/uploads\/2015\/01\/chiribiga-300x199.jpg 300w, https:\/\/www.ecuadoraldia.com.ec\/wp-content\/uploads\/2015\/01\/chiribiga.jpg 450w\" sizes=\"(max-width: 300px) 100vw, 300px\" \/><\/a>Quito, 9 ene (Andes).- El Congreso Ordinario de F\u00fatbol, que estaba previsto desarrollarse la ma\u00f1ana de este viernes en la Federaci\u00f3n Ecuatoriana de F\u00fatbol, fue suspendido debido a que se present\u00f3 una Acci\u00f3n de Protecci\u00f3n y Medida Cautelar Constitucional.<\/p>\n<p style=\"text-align: justify;\">Kirie Cecilio Bravo, presidente del Club Deportivo Sandino del cant\u00f3n Santa Ana, provincia de Manab\u00ed, fue quien interpuso la demanda.<br \/>\nEl dirigente expresa que propone esta acci\u00f3n de protecci\u00f3n con medidas cautelares, debido a que las elecciones que se pretend\u00edan celebrar este viernes en la FEF \u00abno respeta el debido proceso ni la seguridad jur\u00eddica que consagra la Constituci\u00f3n de la Rep\u00fablica del Ecuador y la Ley del Deporte, Educaci\u00f3n F\u00edsica y Recreaci\u00f3n\u00bb.<br \/>\nEl art\u00edculo 18 de la Ley del Deporte, Educaci\u00f3n F\u00edsica y Recreaci\u00f3n sostiene que \u00abtodas las elecciones de dignidades en las organizaciones deportivas deber\u00e1n ser realizadas respetando los principios democr\u00e1ticos establecidos en la Constituci\u00f3n de la Rep\u00fablica, en esta Ley y los respectivos Estatutos&#8230;\u00bb.<br \/>\nAdem\u00e1s en el Art. 48 de esta Ley se explica que para llevar a cabo las elecciones en alguna Federaci\u00f3n Ecuatoriana por Deporte, \u00abse deber\u00e1 contar con un m\u00ednimo de cinco clubes especializados de alto rendimiento y\/o clubes especializados formativos que cumplan con los requisitos establecidos en el reglamento a esta Ley\u00bb.<br \/>\nEn relaci\u00f3n a esta situaci\u00f3n, el s\u00edndico de la Ecuatoriana de F\u00fatbol, Guillermo Saltos Guale, asegur\u00f3 que la FEF se rige exclusivamente de acuerdo con su estatuto, los de la FIFA y Conmebol.<br \/>\n\u00abTodo el procedimiento se refiere al deporte aficionado. La FEF es diferente a las Federaciones Ecuatorianas por deporte\u00bb, sostuvo el directivo.<br \/>\nPor su parte Leonardo Stagg, representante del Barcelona de Guayaquil, respald\u00f3 al actual presidente de la FEF, Luis Chiriboga, y conden\u00f3 dicha demanda expuesta por Kirie Cecilio Bravo.<br \/>\nAsimismo el titular del Mushuc Runa, Luis Chango, se mostr\u00f3 de acuerdo con Chiriboga.<\/p>\n","protected":false},"excerpt":{"rendered":"<p>Quito, 9 ene (Andes).- El Congreso Ordinario de F\u00fatbol, que estaba previsto desarrollarse la ma\u00f1ana de este viernes en la<\/p>\n","protected":false},"author":1,"featured_media":0,"comment_status":"open","ping_status":"open","sticky":false,"template":"","format":"standard","meta":{"footnotes":""},"categories":[10],"tags":[],"_links":{"self":[{"href":"https:\/\/www.ecuadoraldia.com.ec\/index.php?rest_route=\/wp\/v2\/posts\/7027"}],"collection":[{"href":"https:\/\/www.ecuadoraldia.com.ec\/index.php?rest_route=\/wp\/v2\/posts"}],"about":[{"href":"https:\/\/www.ecuadoraldia.com.ec\/index.php?rest_route=\/wp\/v2\/types\/post"}],"author":[{"embeddable":true,"href":"https:\/\/www.ecuadoraldia.com.ec\/index.php?rest_route=\/wp\/v2\/users\/1"}],"replies":[{"embeddable":true,"href":"https:\/\/www.ecuadoraldia.com.ec\/index.php?rest_route=%2Fwp%2Fv2%2Fcomments&post=7027"}],"version-history":[{"count":1,"href":"https:\/\/www.ecuadoraldia.com.ec\/index.php?rest_route=\/wp\/v2\/posts\/7027\/revisions"}],"predecessor-version":[{"id":7029,"href":"https:\/\/www.ecuadoraldia.com.ec\/index.php?rest_route=\/wp\/v2\/posts\/7027\/revisions\/7029"}],"wp:attachment":[{"href":"https:\/\/www.ecuadoraldia.com.ec\/index.php?rest_route=%2Fwp%2Fv2%2Fmedia&parent=7027"}],"wp:term":[{"taxonomy":"category","embeddable":true,"href":"https:\/\/www.ecuadoraldia.com.ec\/index.php?rest_route=%2Fwp%2Fv2%2Fcategories&post=7027"},{"taxonomy":"post_tag","embeddable":true,"href":"https:\/\/www.ecuadoraldia.com.ec\/index.php?rest_route=%2Fwp%2Fv2%2Ftags&post=7027"}],"curies":[{"name":"wp","href":"https:\/\/api.w.org\/{rel}","templated":true}]}}