{"id":7030,"date":"2015-01-10T19:55:07","date_gmt":"2015-01-10T19:55:07","guid":{"rendered":"http:\/\/www.ecuadoraldia.com.ec\/?p=7030"},"modified":"2015-01-10T19:55:07","modified_gmt":"2015-01-10T19:55:07","slug":"mas-de-700-000-manifestantes-en-las-calles-de-francia-en-repudio-a-atentados","status":"publish","type":"post","link":"https:\/\/www.ecuadoraldia.com.ec\/?p=7030","title":{"rendered":"M\u00e1s de 700.000 manifestantes en las calles de Francia en repudio a atentados"},"content":{"rendered":"<p style=\"text-align: justify;\"><a href=\"http:\/\/www.ecuadoraldia.com.ec\/wp-content\/uploads\/2015\/01\/SOY-CHA.jpg\"><img loading=\"lazy\" decoding=\"async\" class=\"alignleft size-medium wp-image-7031\" src=\"http:\/\/www.ecuadoraldia.com.ec\/wp-content\/uploads\/2015\/01\/SOY-CHA-300x199.jpg\" alt=\"FRANCE-ATTACKS-CHARLIE-HEBDO-DEMO\" width=\"300\" height=\"199\" srcset=\"https:\/\/www.ecuadoraldia.com.ec\/wp-content\/uploads\/2015\/01\/SOY-CHA-300x199.jpg 300w, https:\/\/www.ecuadoraldia.com.ec\/wp-content\/uploads\/2015\/01\/SOY-CHA.jpg 504w\" sizes=\"(max-width: 300px) 100vw, 300px\" \/><\/a>AFP. M\u00e1s de 200.000 personas manifestaron este s\u00e1bado en varias ciudades de Francia en homenaje a las 17 v\u00edctimas de los ataques de yihadistas que enlutaron el pa\u00eds esta semana, indicaron fuentes policiales.<\/p>\n<p style=\"text-align: justify;\">De Toulouse (sur) donde 80.000 personas se congregaron para expresar su repudio a los atentados islamistas, a Nantes (oeste), donde desfilaron m\u00e1s de 30.000 personas, los eventos espont\u00e1neos se multiplicaron en varias ciudades de provincia en v\u00edsperas de una gran marcha convocada para el domingo en Par\u00eds con la participaci\u00f3n del presidente Fran\u00e7ois Hollande y varios dirigentes extranjeros.\/ AFP<\/p>\n","protected":false},"excerpt":{"rendered":"<p>AFP. M\u00e1s de 200.000 personas manifestaron este s\u00e1bado en varias ciudades de Francia en homenaje a las 17 v\u00edctimas de<\/p>\n","protected":false},"author":1,"featured_media":0,"comment_status":"open","ping_status":"open","sticky":false,"template":"","format":"standard","meta":{"footnotes":""},"categories":[7],"tags":[],"_links":{"self":[{"href":"https:\/\/www.ecuadoraldia.com.ec\/index.php?rest_route=\/wp\/v2\/posts\/7030"}],"collection":[{"href":"https:\/\/www.ecuadoraldia.com.ec\/index.php?rest_route=\/wp\/v2\/posts"}],"about":[{"href":"https:\/\/www.ecuadoraldia.com.ec\/index.php?rest_route=\/wp\/v2\/types\/post"}],"author":[{"embeddable":true,"href":"https:\/\/www.ecuadoraldia.com.ec\/index.php?rest_route=\/wp\/v2\/users\/1"}],"replies":[{"embeddable":true,"href":"https:\/\/www.ecuadoraldia.com.ec\/index.php?rest_route=%2Fwp%2Fv2%2Fcomments&post=7030"}],"version-history":[{"count":1,"href":"https:\/\/www.ecuadoraldia.com.ec\/index.php?rest_route=\/wp\/v2\/posts\/7030\/revisions"}],"predecessor-version":[{"id":7032,"href":"https:\/\/www.ecuadoraldia.com.ec\/index.php?rest_route=\/wp\/v2\/posts\/7030\/revisions\/7032"}],"wp:attachment":[{"href":"https:\/\/www.ecuadoraldia.com.ec\/index.php?rest_route=%2Fwp%2Fv2%2Fmedia&parent=7030"}],"wp:term":[{"taxonomy":"category","embeddable":true,"href":"https:\/\/www.ecuadoraldia.com.ec\/index.php?rest_route=%2Fwp%2Fv2%2Fcategories&post=7030"},{"taxonomy":"post_tag","embeddable":true,"href":"https:\/\/www.ecuadoraldia.com.ec\/index.php?rest_route=%2Fwp%2Fv2%2Ftags&post=7030"}],"curies":[{"name":"wp","href":"https:\/\/api.w.org\/{rel}","templated":true}]}}