{"id":7033,"date":"2015-01-10T19:56:03","date_gmt":"2015-01-10T19:56:03","guid":{"rendered":"http:\/\/www.ecuadoraldia.com.ec\/?p=7033"},"modified":"2015-01-10T19:56:03","modified_gmt":"2015-01-10T19:56:03","slug":"iran-y-venezuela-quieren-cooperar-para-hacer-subir-los-precios-del-crudo","status":"publish","type":"post","link":"https:\/\/www.ecuadoraldia.com.ec\/?p=7033","title":{"rendered":"Ir\u00e1n y Venezuela quieren cooperar para hacer subir los precios del crudo"},"content":{"rendered":"<p style=\"text-align: justify;\"><a href=\"http:\/\/www.ecuadoraldia.com.ec\/wp-content\/uploads\/2015\/01\/iran-vene.jpg\"><img loading=\"lazy\" decoding=\"async\" class=\"alignleft size-medium wp-image-7034\" src=\"http:\/\/www.ecuadoraldia.com.ec\/wp-content\/uploads\/2015\/01\/iran-vene-300x158.jpg\" alt=\"iran-vene\" width=\"300\" height=\"158\" srcset=\"https:\/\/www.ecuadoraldia.com.ec\/wp-content\/uploads\/2015\/01\/iran-vene-300x158.jpg 300w, https:\/\/www.ecuadoraldia.com.ec\/wp-content\/uploads\/2015\/01\/iran-vene.jpg 450w\" sizes=\"(max-width: 300px) 100vw, 300px\" \/><\/a>AFP. El presidente iran\u00ed Hasan Rohani y su hom\u00f3logo venezolano Nicol\u00e1s Maduro, de visita en Teher\u00e1n, anunciaron este s\u00e1bado su intenci\u00f3n de cooperar dentro de la OPEP para hacer subir los precios del petr\u00f3leo, que desde junio perdieron la mitad de su valor.<\/p>\n<p style=\"text-align: justify;\">\u00abSin lugar a dudas, la cooperaci\u00f3n de los miembros de la Organizaci\u00f3n de los Pa\u00edses Exportadores de Petr\u00f3leo (OPEP) que est\u00e1n en la misma l\u00ednea podr\u00e1 permitir neutralizar los planes de ciertas potencias contra la OPEP y estabilizar los precios a un nivel aceptable en 2015\u00bb, declar\u00f3 Rohani durante su entrevista con Maduro, seg\u00fan la p\u00e1gina web del gobierno iran\u00ed.<\/p>\n<p style=\"text-align: justify;\">El presidente venezolano pidi\u00f3 asimismo \u00abla cooperaci\u00f3n de los pa\u00edses exportadores para recuperar la estabilidad de los precios del petr\u00f3leo, que es un producto estrat\u00e9gico\u00bb.<\/p>\n<p style=\"text-align: justify;\">Maduro lleg\u00f3 a Teher\u00e1n en la madrugada del s\u00e1bado para una visita de 24 horas, la primera a este pa\u00eds desde que accedi\u00f3 a la presidencia en 2013.<\/p>\n<p style=\"text-align: justify;\">El l\u00edder supremo iran\u00ed, el ayatol\u00e1 Ali Jamenei, denunci\u00f3 \u00abla extra\u00f1a bajada del precio del petr\u00f3leo en tan poco tiempo\u00bb, considerando \u00abque s\u00f3lo pod\u00eda ser un acto pol\u00edtico y no econ\u00f3mico\u00bb.<\/p>\n<p style=\"text-align: justify;\">\u00abNuestros enemigos comunes utilizan el petr\u00f3leo como una herramienta pol\u00edtica y desempe\u00f1an, sin lugar a dudas, un papel en la bajada de las cotizaciones\u00bb, declar\u00f3 Jamenei en clara alusi\u00f3n a Estados Unidos y Arabia Saudita.<\/p>\n<p style=\"text-align: justify;\">\nArabia Saudita, esa inc\u00f3moda potencia<\/p>\n<p style=\"text-align: justify;\">Ir\u00e1n y Venezuela critican la posici\u00f3n de Arabia Saudita, el miembro m\u00e1s influyente del c\u00e1rtel, que en la reuni\u00f3n de la OPEP celebrada en noviembre en Viena rehus\u00f3 un recorte de la producci\u00f3n para frenar la ca\u00edda de las cotizaciones. Actualmente est\u00e1 en 30 millones de barriles diarios.<\/p>\n<p style=\"text-align: justify;\">El presidente Rohani y otros responsables iran\u00edes denunciaron en varias ocasiones a Riad por su negativa a cooperar para estabilizar el precio del crudo.<\/p>\n<p style=\"text-align: justify;\">Seg\u00fan varios analistas del sector, la apuesta estrat\u00e9gica de Arabia Saudita consiste en mantener los precios muy bajos por un tiempo para echar del mercado a los pujantes productores de petr\u00f3leo de esquisto, principalmente estadounidenses.<\/p>\n<p style=\"text-align: justify;\">La extracci\u00f3n de ese petr\u00f3leo no convencional es m\u00e1s cara, y para ser rentable requiere un precio del barril mucho m\u00e1s alto.<\/p>\n<p style=\"text-align: justify;\">Maduro asegur\u00f3 que algunos pa\u00edses de la OPEP y otros exportadores de petr\u00f3leo como Rusia est\u00e1n intentando \u00abencontrar un mecanismo para restablecer el precio del petr\u00f3leo en un m\u00ednimo aceptable\u00bb.<\/p>\n<p style=\"text-align: justify;\">Teher\u00e1n y Caracas han estrechado desde hace a\u00f1os sus relaciones pol\u00edticas y econ\u00f3micas. Los expresidentes Mahmud Ahmadinejad y Hugo Ch\u00e1vez hab\u00edan reforzado las relaciones insistiendo en su pol\u00edtica com\u00fan contra Estados Unidos.<\/p>\n<p style=\"text-align: justify;\">Ir\u00e1n y Venezuela, muy dependientes del petr\u00f3leo, est\u00e1n acusando la fuerte ca\u00edda del precio del barril de crudo a menos de 50 d\u00f3lares.<\/p>\n<p style=\"text-align: justify;\">Rohani dijo que Ir\u00e1n proseguir\u00e1 \u00absu cooperaci\u00f3n con Venezuela en los \u00e1mbitos de la vivienda, los transportes, la industria, la alimentaci\u00f3n y los medicamentos para satisfacer las necesidades del pa\u00eds\u00bb.<\/p>\n<p style=\"text-align: justify;\">Maduro llam\u00f3, por su parte, a mantener la \u00abpresencia de sociedades iran\u00edes\u00bb en Venezuela, que podr\u00eda constituir una \u00abbuena base para las exportaciones iran\u00edes hacia Am\u00e9rica Latina\u00bb.<\/p>\n<p style=\"text-align: justify;\">Teher\u00e1n sufre, adem\u00e1s, las consecuencias de las sanciones impuestas por Occidente por culpa de su pol\u00e9mico programa nuclear.<\/p>\n","protected":false},"excerpt":{"rendered":"<p>AFP. El presidente iran\u00ed Hasan Rohani y su hom\u00f3logo venezolano Nicol\u00e1s Maduro, de visita en Teher\u00e1n, anunciaron este s\u00e1bado su<\/p>\n","protected":false},"author":1,"featured_media":0,"comment_status":"open","ping_status":"open","sticky":false,"template":"","format":"standard","meta":{"footnotes":""},"categories":[7],"tags":[],"_links":{"self":[{"href":"https:\/\/www.ecuadoraldia.com.ec\/index.php?rest_route=\/wp\/v2\/posts\/7033"}],"collection":[{"href":"https:\/\/www.ecuadoraldia.com.ec\/index.php?rest_route=\/wp\/v2\/posts"}],"about":[{"href":"https:\/\/www.ecuadoraldia.com.ec\/index.php?rest_route=\/wp\/v2\/types\/post"}],"author":[{"embeddable":true,"href":"https:\/\/www.ecuadoraldia.com.ec\/index.php?rest_route=\/wp\/v2\/users\/1"}],"replies":[{"embeddable":true,"href":"https:\/\/www.ecuadoraldia.com.ec\/index.php?rest_route=%2Fwp%2Fv2%2Fcomments&post=7033"}],"version-history":[{"count":1,"href":"https:\/\/www.ecuadoraldia.com.ec\/index.php?rest_route=\/wp\/v2\/posts\/7033\/revisions"}],"predecessor-version":[{"id":7035,"href":"https:\/\/www.ecuadoraldia.com.ec\/index.php?rest_route=\/wp\/v2\/posts\/7033\/revisions\/7035"}],"wp:attachment":[{"href":"https:\/\/www.ecuadoraldia.com.ec\/index.php?rest_route=%2Fwp%2Fv2%2Fmedia&parent=7033"}],"wp:term":[{"taxonomy":"category","embeddable":true,"href":"https:\/\/www.ecuadoraldia.com.ec\/index.php?rest_route=%2Fwp%2Fv2%2Fcategories&post=7033"},{"taxonomy":"post_tag","embeddable":true,"href":"https:\/\/www.ecuadoraldia.com.ec\/index.php?rest_route=%2Fwp%2Fv2%2Ftags&post=7033"}],"curies":[{"name":"wp","href":"https:\/\/api.w.org\/{rel}","templated":true}]}}