{"id":7036,"date":"2015-01-10T20:01:11","date_gmt":"2015-01-10T20:01:11","guid":{"rendered":"http:\/\/www.ecuadoraldia.com.ec\/?p=7036"},"modified":"2015-01-10T20:01:11","modified_gmt":"2015-01-10T20:01:11","slug":"proyecto-hidrico-bulubu-garantizara-la-produccion-de-etanol","status":"publish","type":"post","link":"https:\/\/www.ecuadoraldia.com.ec\/?p=7036","title":{"rendered":"Proyecto h\u00eddrico Bulubu garantizar\u00e1 la producci\u00f3n de etanol"},"content":{"rendered":"<p style=\"text-align: justify;\"><a href=\"http:\/\/www.ecuadoraldia.com.ec\/wp-content\/uploads\/2015\/01\/glas1.jpg\"><img loading=\"lazy\" decoding=\"async\" class=\"alignleft size-medium wp-image-7037\" src=\"http:\/\/www.ecuadoraldia.com.ec\/wp-content\/uploads\/2015\/01\/glas1-300x161.jpg\" alt=\"glas\" width=\"300\" height=\"161\" srcset=\"https:\/\/www.ecuadoraldia.com.ec\/wp-content\/uploads\/2015\/01\/glas1-300x161.jpg 300w, https:\/\/www.ecuadoraldia.com.ec\/wp-content\/uploads\/2015\/01\/glas1.jpg 421w\" sizes=\"(max-width: 300px) 100vw, 300px\" \/><\/a>Quito, 10 ene (Andes).- El vicepresidente de la Rep\u00fablica, Jorge Glas Espinel, dijo que el proyecto h\u00eddrico Bulubulu de control de inundaciones, construido entre las provincias de Guayas y Ca\u00f1ar, ser\u00e1 inaugurado a finales de febrero de 2015.<\/p>\n<p style=\"text-align: justify;\">Durante el Enlace Ciudadano 406, transmitido desde el cant\u00f3n de Colta, en la provincia de Chimborazo, Glas explic\u00f3 que el objetivo del Proyecto Bulubulu \u201ces mitigar las inundaciones en las provincias del Guayas y Ca\u00f1ar\u201d, y proteger a 65.000 habitantes as\u00ed como 46.000 \u00e1reas de cultivo.<\/p>\n<p style=\"text-align: justify;\">El vicepresidente augur\u00f3 que el proyecto garantizar\u00e1 la producci\u00f3n de ca\u00f1a de az\u00facar en la zona, con la que despu\u00e9s se elaborar\u00e1 el biocombustible conocido como etanol.<\/p>\n<p style=\"text-align: justify;\">\u201cEl etanol va a remplazar hasta el 10% de cada gal\u00f3n de gasolina\u201d, recalc\u00f3 el vicepresidente y explic\u00f3 que el objetivo es llegar a cultivar m\u00e1s de 60.000 hect\u00e1reas de ca\u00f1a de az\u00facar a nivel nacional que ser\u00e1n orientadas a la producci\u00f3n de este biocombustible, paa as\u00ed reducir en un 10% la importaci\u00f3n de gasolina.<\/p>\n<p style=\"text-align: justify;\">Tambi\u00e9n adelant\u00f3 que con este proyecto el Ecuador ahorrar\u00e1 dinero que antes era invertido en la reconstrucci\u00f3n de infraestructura que quedaba da\u00f1ada por las inundaciones.<\/p>\n<p style=\"text-align: justify;\">\u201cPor cada d\u00f3lar que se invierta en mitigaci\u00f3n y control de inundaciones los ecuatorianos tienen un ahorro de nueve d\u00f3lares\u201d, explic\u00f3 Glas que se bas\u00f3 en un estudio realizado por la Comisi\u00f3n Econ\u00f3mica para Am\u00e9rica Latina y el Caribe (Cepal) al respecto.<\/p>\n<p style=\"text-align: justify;\">\u201cHaciendo una extrapolaci\u00f3n a la inversi\u00f3n de 55 millones de d\u00f3lares (en esta obra) nos ahorraremos 500 millones, seg\u00fan estudio de la Cepal, aparte de que hemos generado 800 plazas de empleo\u201d, recalc\u00f3.<\/p>\n<p style=\"text-align: justify;\">El segundo mandatario, Jorge Glas, visit\u00f3 el mi\u00e9rcoles 31 de diciembre la obra h\u00eddrica. En el Enlace Ciudadano destac\u00f3 que la obra permitir\u00e1 retener 16 millones de metros c\u00fabicos de agua excedente, que servir\u00e1n para el riego de 200.000 hect\u00e1reas en \u00e9pocas de sequ\u00eda.<\/p>\n<p style=\"text-align: justify;\">El coraz\u00f3n del proyecto es la derivadora Las Maravillas, un sistema de tres contrapuertas que permitir\u00e1n detener, moment\u00e1neamente, hasta 600 metros c\u00fabicos por segundo, en las \u00e9pocas de mayor vulnerabilidad a inundaciones.<\/p>\n<p style=\"text-align: justify;\">Sobre la derivadora de las Maravillas se construye un puente de 180 metros de longitud que une a la Troncal y El Triunfo para dinamizar el comercio.<\/p>\n","protected":false},"excerpt":{"rendered":"<p>Quito, 10 ene (Andes).- El vicepresidente de la Rep\u00fablica, Jorge Glas Espinel, dijo que el proyecto h\u00eddrico Bulubulu de control<\/p>\n","protected":false},"author":1,"featured_media":0,"comment_status":"open","ping_status":"open","sticky":false,"template":"","format":"standard","meta":{"footnotes":""},"categories":[1],"tags":[],"_links":{"self":[{"href":"https:\/\/www.ecuadoraldia.com.ec\/index.php?rest_route=\/wp\/v2\/posts\/7036"}],"collection":[{"href":"https:\/\/www.ecuadoraldia.com.ec\/index.php?rest_route=\/wp\/v2\/posts"}],"about":[{"href":"https:\/\/www.ecuadoraldia.com.ec\/index.php?rest_route=\/wp\/v2\/types\/post"}],"author":[{"embeddable":true,"href":"https:\/\/www.ecuadoraldia.com.ec\/index.php?rest_route=\/wp\/v2\/users\/1"}],"replies":[{"embeddable":true,"href":"https:\/\/www.ecuadoraldia.com.ec\/index.php?rest_route=%2Fwp%2Fv2%2Fcomments&post=7036"}],"version-history":[{"count":1,"href":"https:\/\/www.ecuadoraldia.com.ec\/index.php?rest_route=\/wp\/v2\/posts\/7036\/revisions"}],"predecessor-version":[{"id":7038,"href":"https:\/\/www.ecuadoraldia.com.ec\/index.php?rest_route=\/wp\/v2\/posts\/7036\/revisions\/7038"}],"wp:attachment":[{"href":"https:\/\/www.ecuadoraldia.com.ec\/index.php?rest_route=%2Fwp%2Fv2%2Fmedia&parent=7036"}],"wp:term":[{"taxonomy":"category","embeddable":true,"href":"https:\/\/www.ecuadoraldia.com.ec\/index.php?rest_route=%2Fwp%2Fv2%2Fcategories&post=7036"},{"taxonomy":"post_tag","embeddable":true,"href":"https:\/\/www.ecuadoraldia.com.ec\/index.php?rest_route=%2Fwp%2Fv2%2Ftags&post=7036"}],"curies":[{"name":"wp","href":"https:\/\/api.w.org\/{rel}","templated":true}]}}