{"id":7042,"date":"2015-01-11T20:57:25","date_gmt":"2015-01-11T20:57:25","guid":{"rendered":"http:\/\/www.ecuadoraldia.com.ec\/?p=7042"},"modified":"2015-01-11T20:59:39","modified_gmt":"2015-01-11T20:59:39","slug":"precio-de-vehiculos-subiria-entre-el-5-y-15","status":"publish","type":"post","link":"https:\/\/www.ecuadoraldia.com.ec\/?p=7042","title":{"rendered":"Precio de veh\u00edculos subir\u00eda entre el 5% y 15%"},"content":{"rendered":"<figure id=\"attachment_7043\" aria-describedby=\"caption-attachment-7043\" style=\"width: 300px\" class=\"wp-caption alignleft\"><a href=\"http:\/\/www.ecuadoraldia.com.ec\/wp-content\/uploads\/2015\/01\/aveo.jpg\"><img loading=\"lazy\" decoding=\"async\" class=\"size-medium wp-image-7043\" src=\"http:\/\/www.ecuadoraldia.com.ec\/wp-content\/uploads\/2015\/01\/aveo-300x225.jpg\" alt=\"foto,.carroya.com\" width=\"300\" height=\"225\" srcset=\"https:\/\/www.ecuadoraldia.com.ec\/wp-content\/uploads\/2015\/01\/aveo-300x225.jpg 300w, https:\/\/www.ecuadoraldia.com.ec\/wp-content\/uploads\/2015\/01\/aveo.jpg 500w\" sizes=\"(max-width: 300px) 100vw, 300px\" \/><\/a><figcaption id=\"caption-attachment-7043\" class=\"wp-caption-text\">foto,.carroya.com<\/figcaption><\/figure>\n<p style=\"text-align: justify;\">Los distribuidores de carros nuevos y usados en Quito y Guayaquil a\u00fan desconocen cu\u00e1l ser\u00e1 el valor de los autom\u00f3viles en los pr\u00f3ximos d\u00edas. El sector est\u00e1 a la espera de que haya un pronunciamiento de los concesionarios.<\/p>\n<p style=\"text-align: justify;\">De acuerdo a los dependientes de algunas concesionarias consultadas por este diario, el incremento en el valor de los veh\u00edculos ser\u00eda entre el 5% y 15%. La causa, seg\u00fan el sector automotriz, es la resoluci\u00f3n del Comit\u00e9 de Comercio Exterior (Comex), que est\u00e1 vigente desde el 5 de enero y establece la reducci\u00f3n del cupo de importaci\u00f3n de carros este a\u00f1o.<\/p>\n<p style=\"text-align: justify;\">Pablo Carrera, del patio de venta de carros Autos Carrera, ubicado en la Orellana y 6 de Diciembre, en Quito, manifest\u00f3 que se espera una elevaci\u00f3n en el precio de los carros nuevos, sin precisar el porcentaje de alza, pero que se aplicar\u00e1 en las unidades que se importen este a\u00f1o.<\/p>\n<p style=\"text-align: justify;\">\u201cQuienes compraron su veh\u00edculo y est\u00e1 en viaje o es tra\u00eddo pagar\u00e1n el valor por el que se hizo el contrato sin el aumento de precio, puesto que ninguna norma es retroactiva\u201d, indic\u00f3 Carrera, quien espera que la decisi\u00f3n del Gobierno sea revisada.<\/p>\n<p style=\"text-align: justify;\">Mientras que para Iv\u00e1n Gonz\u00e1lez, del patio de venta de autos usados YGAutos, la decisi\u00f3n del Gobierno tendr\u00e1 \u201cun efecto domin\u00f3\u201d, ya que el incremento del precio en los carros nuevos ocasionar\u00e1 que aumenten tambi\u00e9n los de \u201csegunda mano\u201d.<\/p>\n<p style=\"text-align: justify;\">El dependiente coincidi\u00f3 con el criterio del presidente de la Asociaci\u00f3n de Empresas Automotrices del Ecuador (Aeade), Diego Luna, quien se\u00f1al\u00f3 que para fijar el precio de los carros usados se considera el valor de los nuevos.<\/p>\n<p style=\"text-align: justify;\">En el sector Los Shyris, en el norte de Quito, funcionan algunos patios de venta de carros nuevos, seminuevos y usados. En este sector los vendedores recibieron la orden de los due\u00f1os de indicar el costo de los veh\u00edculos, pero no comercializarlos.<\/p>\n<p style=\"text-align: justify;\">Al ser consultados de por qu\u00e9 la disposici\u00f3n, se\u00f1alan que es por la reducci\u00f3n de importaciones que dispuso el Gobierno. Sin embargo, no tienen un argumento de por qu\u00e9 quieren cobrar m\u00e1s en los autos que se mantienen en los patios antes de la medida adoptada por el Comex.<\/p>\n<p style=\"text-align: justify;\">Igual comentario tuvo J.C., del patio de ventas ubicado entre 10 de Agosto y Rep\u00fablica, quien indic\u00f3 que los precios referenciales de los autos que hay son hasta el 31 de diciembre de 2014, es as\u00ed que una camioneta Chevrolet Luv 2011, doble cabina, doble transmisi\u00f3n, est\u00e1 en $ 25.860, pero considera que el valor podr\u00eda variar.<\/p>\n<p style=\"text-align: justify;\">En uno de los distribuidores de la marca Toyota, una colaboradora indic\u00f3 que al momento no se ofrecen carros importados, solo los que est\u00e1n en los patios, pero que los precios definitivos se conocer\u00e1n hasta el 15 de este mes. \u201cUn Toyota Yaris 2014, 100% japon\u00e9s, al momento tiene un precio referencial de $ 24.990, puede comprarlo al contado o a cr\u00e9dito, con el 25% de entrada y la diferencia a cinco a\u00f1os plazo\u201d, explic\u00f3 la vendedora.<\/p>\n<p style=\"text-align: justify;\">En Guayaquil, en la concesionaria Vallejo Araujo, que vende veh\u00edculos de la marca Chevrolet, uno de sus asesores comerciales se\u00f1al\u00f3 que los ciudadanos deben de aprovechar antes de que suban los precios. \u201cHasta ahora estamos con los mismos precios de diciembre, pero se han anunciado novedades para la semana pr\u00f3xima, entre ellas el posible incremento de precios del 5% al 15%\u201d, expres\u00f3.<\/p>\n<p style=\"text-align: justify;\">Reducci\u00f3n de cupos<\/p>\n<p style=\"text-align: justify;\">El presidente de la Asociaci\u00f3n de Empresas Automotrices del Ecuador (Aeade), Diego Luna, recalc\u00f3 que en ninguna parte de la Resoluci\u00f3n N\u00b0 049 del Comex se determina el porcentaje de reducci\u00f3n de importaciones, pero que en la misma normativa se establece un listado diferenciado del cupo de importaci\u00f3n, lo cual, seg\u00fan un estudio realizado, promedia un 55% de reducci\u00f3n.<\/p>\n<p style=\"text-align: justify;\">De su parte, el director general del Servicio Nacional de Aduana del Ecuador (Senae), Xavier C\u00e1rdenas, indic\u00f3 que el porcentaje de reducci\u00f3n es de 40% para los carros terminados y 20% para los CKD, y no como sostiene la industria automotriz que es de 57%.<\/p>\n<p style=\"text-align: justify;\"><a href=\"http:\/\/www.ecuadoraldia.com.ec\/wp-content\/uploads\/2015\/01\/economia-vehiculos.jpg\"><img loading=\"lazy\" decoding=\"async\" class=\"alignleft size-medium wp-image-7045\" src=\"http:\/\/www.ecuadoraldia.com.ec\/wp-content\/uploads\/2015\/01\/economia-vehiculos-300x147.jpg\" alt=\"Cupo de vehiculos.pdf\" width=\"300\" height=\"147\" srcset=\"https:\/\/www.ecuadoraldia.com.ec\/wp-content\/uploads\/2015\/01\/economia-vehiculos-300x147.jpg 300w, https:\/\/www.ecuadoraldia.com.ec\/wp-content\/uploads\/2015\/01\/economia-vehiculos.jpg 800w\" sizes=\"(max-width: 300px) 100vw, 300px\" \/><\/a>\u201cEl sector automotriz confunde las cifras de c\u00e1lculo, ya que hace el c\u00f3mputo de lo realmente importado en 2013, sin considerar que en ese a\u00f1o y 2014 no utilizaron los cupos establecidos para la importaci\u00f3n, es decir que se importaron menos carros nuevos que el cupo que estaba permitido en esos 2 a\u00f1os\u201d, explic\u00f3.<\/p>\n<p style=\"text-align: justify;\">La medida representar\u00e1 la reducci\u00f3n de importaciones por alrededor de $ 285 millones.<\/p>\n<p style=\"text-align: justify;\">El 29 de diciembre, en sesi\u00f3n del pleno del Comit\u00e9 de Comercio Exterior, se adopt\u00f3 la Resoluci\u00f3n 049 que entr\u00f3 en vigencia el 1 de enero de 2015, sin perjuicio de su publicaci\u00f3n en el Registro Oficial.<\/p>\n<p style=\"text-align: justify;\">La resoluci\u00f3n indica: \u201cProrrogar hasta el 31 de diciembre de 2015, la vigencia de las Resoluciones del Comex N\u00b0 65 y 66 del a\u00f1o 2012 y 011 de 2014, as\u00ed como de sus respectivas reformas, de conformidad con los anexos 1 y 2 de la presente resoluci\u00f3n. Y \u201cconceder un cupo para la importaci\u00f3n de veh\u00edculos el\u00e9ctricos de hasta 1.000 unidades o 25 millones FOB, lo que suceda primero\u201d.<\/p>\n<p style=\"text-align: justify;\">Seg\u00fan la Asociaci\u00f3n de Empresas Automotrices del Ecuador (Aeade), la recaudaci\u00f3n fiscal de este a\u00f1os ser\u00e1 afectada con la medida, experimentando una reducci\u00f3n adicional de $ 360 millones por concepto de aranceles, IVA, ICE e ISD.(El Tel\u00e9grafo)<\/p>\n","protected":false},"excerpt":{"rendered":"<p>Los distribuidores de carros nuevos y usados en Quito y Guayaquil a\u00fan desconocen cu\u00e1l ser\u00e1 el valor de los autom\u00f3viles<\/p>\n","protected":false},"author":1,"featured_media":0,"comment_status":"open","ping_status":"open","sticky":false,"template":"","format":"standard","meta":{"footnotes":""},"categories":[9,4],"tags":[],"_links":{"self":[{"href":"https:\/\/www.ecuadoraldia.com.ec\/index.php?rest_route=\/wp\/v2\/posts\/7042"}],"collection":[{"href":"https:\/\/www.ecuadoraldia.com.ec\/index.php?rest_route=\/wp\/v2\/posts"}],"about":[{"href":"https:\/\/www.ecuadoraldia.com.ec\/index.php?rest_route=\/wp\/v2\/types\/post"}],"author":[{"embeddable":true,"href":"https:\/\/www.ecuadoraldia.com.ec\/index.php?rest_route=\/wp\/v2\/users\/1"}],"replies":[{"embeddable":true,"href":"https:\/\/www.ecuadoraldia.com.ec\/index.php?rest_route=%2Fwp%2Fv2%2Fcomments&post=7042"}],"version-history":[{"count":2,"href":"https:\/\/www.ecuadoraldia.com.ec\/index.php?rest_route=\/wp\/v2\/posts\/7042\/revisions"}],"predecessor-version":[{"id":7046,"href":"https:\/\/www.ecuadoraldia.com.ec\/index.php?rest_route=\/wp\/v2\/posts\/7042\/revisions\/7046"}],"wp:attachment":[{"href":"https:\/\/www.ecuadoraldia.com.ec\/index.php?rest_route=%2Fwp%2Fv2%2Fmedia&parent=7042"}],"wp:term":[{"taxonomy":"category","embeddable":true,"href":"https:\/\/www.ecuadoraldia.com.ec\/index.php?rest_route=%2Fwp%2Fv2%2Fcategories&post=7042"},{"taxonomy":"post_tag","embeddable":true,"href":"https:\/\/www.ecuadoraldia.com.ec\/index.php?rest_route=%2Fwp%2Fv2%2Ftags&post=7042"}],"curies":[{"name":"wp","href":"https:\/\/api.w.org\/{rel}","templated":true}]}}