{"id":7047,"date":"2015-01-11T21:03:59","date_gmt":"2015-01-11T21:03:59","guid":{"rendered":"http:\/\/www.ecuadoraldia.com.ec\/?p=7047"},"modified":"2015-01-11T21:03:59","modified_gmt":"2015-01-11T21:03:59","slug":"delegados-de-17-paises-participaran-en-ecuador-en-la-23va-reunion-del-foro-parlamentario-asia-pacifico","status":"publish","type":"post","link":"https:\/\/www.ecuadoraldia.com.ec\/?p=7047","title":{"rendered":"Delegados de 17 pa\u00edses participaran en Ecuador en la 23va reuni\u00f3n del Foro Parlamentario Asia Pac\u00edfico"},"content":{"rendered":"<p><a href=\"http:\/\/www.ecuadoraldia.com.ec\/wp-content\/uploads\/2015\/01\/asamblea_fachada.jpg\"><img loading=\"lazy\" decoding=\"async\" class=\"alignleft size-medium wp-image-7048\" src=\"http:\/\/www.ecuadoraldia.com.ec\/wp-content\/uploads\/2015\/01\/asamblea_fachada-300x162.jpg\" alt=\"asamblea_fachada\" width=\"300\" height=\"162\" srcset=\"https:\/\/www.ecuadoraldia.com.ec\/wp-content\/uploads\/2015\/01\/asamblea_fachada-300x162.jpg 300w, https:\/\/www.ecuadoraldia.com.ec\/wp-content\/uploads\/2015\/01\/asamblea_fachada.jpg 500w\" sizes=\"(max-width: 300px) 100vw, 300px\" \/><\/a>Quito, 11 ene (Andes).- Delegados de 17 pa\u00edses participar\u00e1n desde este domingo en la 23va reuni\u00f3n del Foro Parlamentario Asia Pac\u00edfico que concluir\u00e1 el pr\u00f3ximo 14 de enero, inform\u00f3 la Asamblea Nacional.<\/p>\n<p style=\"text-align: justify;\">Han confirmado su presencia, por primera vez en el Ecuador, los presidentes de los parlamentos de Austrialia, Browyn Bishop; Malasia, Abu Zahar Ujang y de Rusia: Valentina Matvienko; as\u00ed como los vicepresidentes de los parlamentos de China, Zhang Baowen; Indonesia, Fadii Zon y de Malasia, Doris Sophia Brodi e Ismail Mohamed Said.<\/p>\n<p style=\"text-align: justify;\">Est\u00e1 previsto que la presidenta de la Asamblea ecuatoriana, Gabriela Rivadeneira, de la bienvenida oficial a las delegaciones que participar\u00e1n en el foro. La funcionaria es adem\u00e1s presidenta de la 23 Reuni\u00f3n Anual del Foro Parlamentario Asia-Pac\u00edfico.<\/p>\n<p style=\"text-align: justify;\">Para el lunes se ha organizado la conferencia magistral con el tema \u00abSituaci\u00f3n Regional en Pol\u00edtica, Seguridad y Econom\u00eda\u00bb y luego habr\u00e1 una conferencia de prensa del Comit\u00e9 Ejecutivo del Foro Parlamentario Asia-Pac\u00edfico para luego dar paso a las sesiones plenarias que abordar\u00e1n temas como la situaci\u00f3n internacional: pol\u00edtica y seguridad; fortalecimiento de la paz y la seguridad en la regi\u00f3n y ciberespionaje: derechos a la privacidad y seguridad de las comunicaciones.<\/p>\n<p style=\"text-align: justify;\">El martes el canciller de Ecuador, Ricardo Pati\u00f1o, dar\u00e1 una conferencia magistral sobre la cooperaci\u00f3n en la regi\u00f3n Asia-Pacifico y tras de ello ser\u00e1n realizadas las plenarias sobre cooperaci\u00f3n econ\u00f3mica Asia-Pac\u00edfico 2014, reporte de China; cooperaci\u00f3n abierta y no exclusiva para fomentar el crecimiento del libre comercio, la inversi\u00f3n y el desarrollo sostenible; y, desaf\u00edos para financiar el desarrollo sostenible en equidad: nueva estructura de financiamiento global.\/Andes<\/p>\n","protected":false},"excerpt":{"rendered":"<p>Quito, 11 ene (Andes).- Delegados de 17 pa\u00edses participar\u00e1n desde este domingo en la 23va reuni\u00f3n del Foro Parlamentario Asia<\/p>\n","protected":false},"author":1,"featured_media":0,"comment_status":"open","ping_status":"open","sticky":false,"template":"","format":"standard","meta":{"footnotes":""},"categories":[3],"tags":[],"_links":{"self":[{"href":"https:\/\/www.ecuadoraldia.com.ec\/index.php?rest_route=\/wp\/v2\/posts\/7047"}],"collection":[{"href":"https:\/\/www.ecuadoraldia.com.ec\/index.php?rest_route=\/wp\/v2\/posts"}],"about":[{"href":"https:\/\/www.ecuadoraldia.com.ec\/index.php?rest_route=\/wp\/v2\/types\/post"}],"author":[{"embeddable":true,"href":"https:\/\/www.ecuadoraldia.com.ec\/index.php?rest_route=\/wp\/v2\/users\/1"}],"replies":[{"embeddable":true,"href":"https:\/\/www.ecuadoraldia.com.ec\/index.php?rest_route=%2Fwp%2Fv2%2Fcomments&post=7047"}],"version-history":[{"count":1,"href":"https:\/\/www.ecuadoraldia.com.ec\/index.php?rest_route=\/wp\/v2\/posts\/7047\/revisions"}],"predecessor-version":[{"id":7049,"href":"https:\/\/www.ecuadoraldia.com.ec\/index.php?rest_route=\/wp\/v2\/posts\/7047\/revisions\/7049"}],"wp:attachment":[{"href":"https:\/\/www.ecuadoraldia.com.ec\/index.php?rest_route=%2Fwp%2Fv2%2Fmedia&parent=7047"}],"wp:term":[{"taxonomy":"category","embeddable":true,"href":"https:\/\/www.ecuadoraldia.com.ec\/index.php?rest_route=%2Fwp%2Fv2%2Fcategories&post=7047"},{"taxonomy":"post_tag","embeddable":true,"href":"https:\/\/www.ecuadoraldia.com.ec\/index.php?rest_route=%2Fwp%2Fv2%2Ftags&post=7047"}],"curies":[{"name":"wp","href":"https:\/\/api.w.org\/{rel}","templated":true}]}}