{"id":7050,"date":"2015-01-11T21:11:56","date_gmt":"2015-01-11T21:11:56","guid":{"rendered":"http:\/\/www.ecuadoraldia.com.ec\/?p=7050"},"modified":"2015-01-11T21:11:56","modified_gmt":"2015-01-11T21:11:56","slug":"el-12-de-enero-se-inicia-la-aplicacion-del-sistema-de-fotomultas-en-quito","status":"publish","type":"post","link":"https:\/\/www.ecuadoraldia.com.ec\/?p=7050","title":{"rendered":"El 12 de enero se inicia la aplicaci\u00f3n del Sistema de Fotomultas en Quito"},"content":{"rendered":"<p style=\"text-align: justify;\"><a href=\"http:\/\/www.ecuadoraldia.com.ec\/wp-content\/uploads\/2015\/01\/fotomulta.jpg\"><img loading=\"lazy\" decoding=\"async\" class=\"alignleft size-medium wp-image-7051\" src=\"http:\/\/www.ecuadoraldia.com.ec\/wp-content\/uploads\/2015\/01\/fotomulta-300x147.jpg\" alt=\"fotomulta\" width=\"300\" height=\"147\" srcset=\"https:\/\/www.ecuadoraldia.com.ec\/wp-content\/uploads\/2015\/01\/fotomulta-300x147.jpg 300w, https:\/\/www.ecuadoraldia.com.ec\/wp-content\/uploads\/2015\/01\/fotomulta.jpg 653w\" sizes=\"(max-width: 300px) 100vw, 300px\" \/><\/a>Desde este lunes 12 de enero se inicia la operaci\u00f3n del Sistema de Fotomultas que regula las contravenciones que puedan cometer los conductores en Quito. La municipalidad con la Agencia Metropolitana de Tr\u00e1nsito (AMT), ponen marcha este sistema con el objetivo de fortalecer los servicios de control de tr\u00e1nsito en el Distrito.<\/p>\n<p style=\"text-align: justify;\">El Sistema de Fotomultas, se lo aplicar\u00e1 con la ayuda de 63 c\u00e1maras movibles que controlar\u00e1n de 06:00 a 21:30 el cumplimiento del respeto a los carriles exclusivos de transporte metropolitano, entre los cuales figuran los sistemas Troleb\u00fas, Ecov\u00eda, Corredor Central Norte, Corredor Sur Oriental y Corredor Sur Occidental.<\/p>\n<p>Tambi\u00e9n se sancionar\u00e1 a los conductores que irrespeten el uso del sem\u00e1foro en rojo y del paso cebra, esta contravenci\u00f3n ser\u00e1 sancionada con una multa equivalente al 30% de una remuneraci\u00f3n b\u00e1sica unificada.<\/p>\n<p>Para el an\u00e1lisis de estas contravenciones, la AMT cuenta con un equipo de expertos que analizan cada caso, para determinar la aplicabilidad o no de las faltas; en caso de evidenciarse una, por parte de un conductor, \u00e9ste recibir\u00e1 una citaci\u00f3n a trav\u00e9s de una carta que ser\u00e1 enviada v\u00eda correo electr\u00f3nico y courier a cada uno de los infractores.<\/p>\n<p>Esta carta ser\u00e1 entregada al propietario del veh\u00edculo y de acuerdo a la Ley Org\u00e1nica de Tr\u00e1nsito la AMT no est\u00e1 facultada a quitar puntos o en el caso de quienes est\u00e9n superando los rangos moderados de velocidad no se puede llevarlos detenidos.<\/p>\n<p>Esta sanci\u00f3n es simplemente una multa econ\u00f3mica que pasa a consideraci\u00f3n del usuario quien luego de verificar las pruebas y v\u00eddeos, y si desea apelar a la sanci\u00f3n puede hacerlo en el transcurso de tres d\u00edas contados a partir de la entrega de esta citaci\u00f3n, luego de ello tendr\u00e1 que pagar la multa cuando realice el pago de la matr\u00edcula anual correspondiente; dineros que cada fin de mes ser\u00e1n reintegrados al Municipio de Quito.<\/p>\n<p>Dar\u00edo Tapia record\u00f3 a los ciudadanos y ciudadanas que si vendieron su auto se aseguren de que ese veh\u00edculo cuente con un contrato de compraventa y luego, que est\u00e9 inscrito ante el Servicio de Rentas Internas y a la Agencia Nacional de Tr\u00e1nsito para evitar multas por este tipo infracciones.(fuente Quito.gob.ec)<\/p>\n","protected":false},"excerpt":{"rendered":"<p>Desde este lunes 12 de enero se inicia la operaci\u00f3n del Sistema de Fotomultas que regula las contravenciones que puedan<\/p>\n","protected":false},"author":1,"featured_media":0,"comment_status":"open","ping_status":"open","sticky":false,"template":"","format":"standard","meta":{"footnotes":""},"categories":[1],"tags":[],"_links":{"self":[{"href":"https:\/\/www.ecuadoraldia.com.ec\/index.php?rest_route=\/wp\/v2\/posts\/7050"}],"collection":[{"href":"https:\/\/www.ecuadoraldia.com.ec\/index.php?rest_route=\/wp\/v2\/posts"}],"about":[{"href":"https:\/\/www.ecuadoraldia.com.ec\/index.php?rest_route=\/wp\/v2\/types\/post"}],"author":[{"embeddable":true,"href":"https:\/\/www.ecuadoraldia.com.ec\/index.php?rest_route=\/wp\/v2\/users\/1"}],"replies":[{"embeddable":true,"href":"https:\/\/www.ecuadoraldia.com.ec\/index.php?rest_route=%2Fwp%2Fv2%2Fcomments&post=7050"}],"version-history":[{"count":2,"href":"https:\/\/www.ecuadoraldia.com.ec\/index.php?rest_route=\/wp\/v2\/posts\/7050\/revisions"}],"predecessor-version":[{"id":7053,"href":"https:\/\/www.ecuadoraldia.com.ec\/index.php?rest_route=\/wp\/v2\/posts\/7050\/revisions\/7053"}],"wp:attachment":[{"href":"https:\/\/www.ecuadoraldia.com.ec\/index.php?rest_route=%2Fwp%2Fv2%2Fmedia&parent=7050"}],"wp:term":[{"taxonomy":"category","embeddable":true,"href":"https:\/\/www.ecuadoraldia.com.ec\/index.php?rest_route=%2Fwp%2Fv2%2Fcategories&post=7050"},{"taxonomy":"post_tag","embeddable":true,"href":"https:\/\/www.ecuadoraldia.com.ec\/index.php?rest_route=%2Fwp%2Fv2%2Ftags&post=7050"}],"curies":[{"name":"wp","href":"https:\/\/api.w.org\/{rel}","templated":true}]}}