{"id":7054,"date":"2015-01-12T20:21:29","date_gmt":"2015-01-12T20:21:29","guid":{"rendered":"http:\/\/www.ecuadoraldia.com.ec\/?p=7054"},"modified":"2015-01-12T20:21:29","modified_gmt":"2015-01-12T20:21:29","slug":"una-mujer-al-mando-para-sacar-a-croacia-de-la-crisis-economica","status":"publish","type":"post","link":"https:\/\/www.ecuadoraldia.com.ec\/?p=7054","title":{"rendered":"Una mujer al mando para sacar a Croacia de la crisis econ\u00f3mica"},"content":{"rendered":"<p><a href=\"http:\/\/www.ecuadoraldia.com.ec\/wp-content\/uploads\/2015\/01\/croacia.jpg\"><img loading=\"lazy\" decoding=\"async\" class=\"alignleft size-medium wp-image-7055\" src=\"http:\/\/www.ecuadoraldia.com.ec\/wp-content\/uploads\/2015\/01\/croacia-300x218.jpg\" alt=\"Conservative Grabar-Kitarovic wins presidential run-off in Croatia\" width=\"300\" height=\"218\" srcset=\"https:\/\/www.ecuadoraldia.com.ec\/wp-content\/uploads\/2015\/01\/croacia-300x218.jpg 300w, https:\/\/www.ecuadoraldia.com.ec\/wp-content\/uploads\/2015\/01\/croacia.jpg 400w\" sizes=\"(max-width: 300px) 100vw, 300px\" \/><\/a>Desafiando los pron\u00f3sticos, la exministra de Exteriores (2005-2008) se convirti\u00f3 a los 46 a\u00f1os en la primera mujer de los Balcanes elegida presidenta por sufragio universal. La presidenta de Kosovo, Atifete Jahjaga, hab\u00eda sido elegida por el parlamento.<\/p>\n<p style=\"text-align: justify;\">La victoria de Grabar Kitarovic \u00abse explica por la inmensa insatisfacci\u00f3n frente a las autoridades y a un gobierno incapaz\u00bb, escrib\u00eda el lunes el influyente diario Jutarnji List, ironizando sobre el hecho de que el primer ministro socialdem\u00f3crata, Zoran Milanovic, le haya \u00abregalado\u00bb la presidencia a los conservadores.<\/p>\n<p style=\"text-align: justify;\">\u00abLa crisis econ\u00f3mica econ\u00f3mica ha sido como el viento en popa\u00bb por la candidata conservadora\u00bb, subray\u00f3 el analista pol\u00edtico Zarko Puhovski.<\/p>\n<p style=\"text-align: justify;\">Admitiendo la derrota, el jefe del gobierno admiti\u00f3 que el poco \u00e9xito de las medidas econ\u00f3micas impulsadas por su gabinete era una \u00abcarga\u00bb para el presidente saliente.<\/p>\n<p style=\"text-align: justify;\">Con el 50,7% de los votos, Grabar Kitarovic se convierte en la cuarta jefa de estado desde la independencia en 1991 de esta exrep\u00fablicxa de la antigua Yugoslavia, venciendo al socialdem\u00f3crata Ivo Josipovic, jurista de formaci\u00f3n y compositor de m\u00fasica cl\u00e1sica, dado por favorito antes de la primera vuelta.<\/p>\n<p style=\"text-align: justify;\">\u00abPrometo que Croacia ser\u00e1 un pa\u00eds pr\u00f3spero y rico, uno de los pa\u00edses m\u00e1s desarrollados de la Uni\u00f3n Europea y del mundo\u00bb, asegur\u00f3 la nueva dirigente, que asumir\u00e1 su cargo el 19 de febrero.<\/p>\n<p style=\"text-align: justify;\">Pero la misi\u00f3n no ser\u00e1 f\u00e1cil, dado que la funci\u00f3n presidencial no tiene atribuciones en el campo de la econom\u00eda, y por la dificultad de obtener resultados a corto plazo.<\/p>\n<p style=\"text-align: justify;\">Los conservadores quieren ganar las legislativas<\/p>\n<p style=\"text-align: justify;\">Seg\u00fan la constituci\u00f3n croata, el presidente de este pa\u00eds de 4,2 millones de habitantes tiene poderes limitados. Es comandante de las fuerzas armadas y gestiona la pol\u00edtica extranjera.<\/p>\n<p style=\"text-align: justify;\">Croacia lleva en recesi\u00f3n casi permanentemente desde 2008. La deuda p\u00fablica representa el 80 % de PIB, y este podr\u00eda volver a retroceder en 2014 entorno a un 0,5 %. El paro roza el 20% y entre los j\u00f3venes el 50%.<\/p>\n<p style=\"text-align: justify;\">Los conservadores de la Comunidad Democr\u00e1tica Croata (HDZ) quieren aprovechar esta situaci\u00f3n y reforzarse de cara a las legislativas previstas a finales de 2015.<\/p>\n<p style=\"text-align: justify;\">Josipovic, tercer presidente del pa\u00eds desde su independencia en 1991, fue elegido en 2010 para un primer mandato en el que prometi\u00f3 acabar con la corrupci\u00f3n.<\/p>\n<p style=\"text-align: justify;\">La nueva presidenta llam\u00f3 a sus compatriotas y a la clase pol\u00edtica a mostrar \u00abunidad\u00bb, pero en realidad, deber\u00e1 convivir con un gobierno de izquierda que le es hostil.<\/p>\n<p style=\"text-align: justify;\">Durante la campa\u00f1a, los socialdem\u00f3cratas calificaron al HDZ de \u00abasociaci\u00f3n criminal\u00bb y a sus responsables, de \u00abbandidos\u00bb, asegurando que con ellos volver\u00eda la corrupci\u00f3n de la que se acusaba a los conservadores cuando perdieron en 2011.<\/p>\n<p style=\"text-align: justify;\">El propio partido fue condenado en 2014 por financiaci\u00f3n ilegal mientras estaba en el poder, y la justicia orden\u00f3 la restituci\u00f3n de 300 millones de euros. AFP<\/p>\n","protected":false},"excerpt":{"rendered":"<p>Desafiando los pron\u00f3sticos, la exministra de Exteriores (2005-2008) se convirti\u00f3 a los 46 a\u00f1os en la primera mujer de los<\/p>\n","protected":false},"author":1,"featured_media":0,"comment_status":"open","ping_status":"open","sticky":false,"template":"","format":"standard","meta":{"footnotes":""},"categories":[7],"tags":[],"_links":{"self":[{"href":"https:\/\/www.ecuadoraldia.com.ec\/index.php?rest_route=\/wp\/v2\/posts\/7054"}],"collection":[{"href":"https:\/\/www.ecuadoraldia.com.ec\/index.php?rest_route=\/wp\/v2\/posts"}],"about":[{"href":"https:\/\/www.ecuadoraldia.com.ec\/index.php?rest_route=\/wp\/v2\/types\/post"}],"author":[{"embeddable":true,"href":"https:\/\/www.ecuadoraldia.com.ec\/index.php?rest_route=\/wp\/v2\/users\/1"}],"replies":[{"embeddable":true,"href":"https:\/\/www.ecuadoraldia.com.ec\/index.php?rest_route=%2Fwp%2Fv2%2Fcomments&post=7054"}],"version-history":[{"count":1,"href":"https:\/\/www.ecuadoraldia.com.ec\/index.php?rest_route=\/wp\/v2\/posts\/7054\/revisions"}],"predecessor-version":[{"id":7056,"href":"https:\/\/www.ecuadoraldia.com.ec\/index.php?rest_route=\/wp\/v2\/posts\/7054\/revisions\/7056"}],"wp:attachment":[{"href":"https:\/\/www.ecuadoraldia.com.ec\/index.php?rest_route=%2Fwp%2Fv2%2Fmedia&parent=7054"}],"wp:term":[{"taxonomy":"category","embeddable":true,"href":"https:\/\/www.ecuadoraldia.com.ec\/index.php?rest_route=%2Fwp%2Fv2%2Fcategories&post=7054"},{"taxonomy":"post_tag","embeddable":true,"href":"https:\/\/www.ecuadoraldia.com.ec\/index.php?rest_route=%2Fwp%2Fv2%2Ftags&post=7054"}],"curies":[{"name":"wp","href":"https:\/\/api.w.org\/{rel}","templated":true}]}}