{"id":7057,"date":"2015-01-12T21:19:18","date_gmt":"2015-01-12T21:19:18","guid":{"rendered":"http:\/\/www.ecuadoraldia.com.ec\/?p=7057"},"modified":"2015-01-12T21:19:18","modified_gmt":"2015-01-12T21:19:18","slug":"cristiano-ronaldo-cumple-los-pronosticos-y-gana-su-tercer-balon-de-oro","status":"publish","type":"post","link":"https:\/\/www.ecuadoraldia.com.ec\/?p=7057","title":{"rendered":"Cristiano Ronaldo cumple los pron\u00f3sticos y gana su tercer Bal\u00f3n de Oro"},"content":{"rendered":"<p style=\"text-align: justify;\"><a href=\"http:\/\/www.ecuadoraldia.com.ec\/wp-content\/uploads\/2015\/01\/ronaldo.jpg\"><img loading=\"lazy\" decoding=\"async\" class=\"alignleft size-medium wp-image-7058\" src=\"http:\/\/www.ecuadoraldia.com.ec\/wp-content\/uploads\/2015\/01\/ronaldo-300x200.jpg\" alt=\"ronaldo\" width=\"300\" height=\"200\" srcset=\"https:\/\/www.ecuadoraldia.com.ec\/wp-content\/uploads\/2015\/01\/ronaldo-300x200.jpg 300w, https:\/\/www.ecuadoraldia.com.ec\/wp-content\/uploads\/2015\/01\/ronaldo.jpg 580w\" sizes=\"(max-width: 300px) 100vw, 300px\" \/><\/a>Z\u00farich. El portugu\u00e9s Cristiano Ronaldo gan\u00f3 el premio Bal\u00f3n de Oro que le distingue como mejor jugador mundial en 2014, siendo la tercera ocasi\u00f3n en la que recibe este galard\u00f3n, tras 2008 y 2012, este lunes en la gala que organiz\u00f3 la FIFA en Z\u00farich.<\/p>\n<p style=\"text-align: justify;\">CR7 obtuvo el 37,66% de los votos, superando ampliamente a los otros dos nominados, el argentino Lionel Messi (15,76% de los votos) y al alem\u00e1n Manuel Neuer (15,72%).<\/p>\n<p style=\"text-align: justify;\">De esta manera, Ronaldo iguala con tres trofeos a Johan Cruyff (1971, 1973, 1974), Michel Platini (1983, 1984, 1985) y Marco Van Basten (1988, 1989, 1992) y queda solo a uno del r\u00e9cord de Messi.<\/p>\n<p style=\"text-align: justify;\">El portugu\u00e9s, de 29 a\u00f1os, cumpli\u00f3 as\u00ed con los pron\u00f3sticos que le daban como gran favorito, despu\u00e9s de firmar en 2014 su a\u00f1o m\u00e1s exitoso, tanto en lo individual como en lo colectivo.<\/p>\n<p style=\"text-align: justify;\">Cristiano Ronaldo marc\u00f3 61 goles en 60 partidos oficiales, incluidos 17 en Liga de Campeones, un r\u00e9cord. Fue, adem\u00e1s, Bota de Oro como m\u00e1ximo goleador de las ligas europeas (premio compartido con el uruguayo Luis Su\u00e1rez), adem\u00e1s del mejor realizador de la liga espa\u00f1ola.<\/p>\n<p style=\"text-align: justify;\">El astro portugu\u00e9s agradeci\u00f3 el premio a su familia y a sus compa\u00f1eros del Real Madrid y a\u00f1adi\u00f3: \u00abEste a\u00f1o ha sido inolvidable y ganar un trofeo como \u00e9ste es algo \u00fanico. Todo lo que puedo decir es que voy a continuar trabajando para seguir ganando t\u00edtulos y continuar mejorando d\u00eda a d\u00eda\u00bb, declar\u00f3 el delantero, que acab\u00f3 su discurso con el mismo grito con el que celebra sus goles. AFP\/<\/p>\n","protected":false},"excerpt":{"rendered":"<p>Z\u00farich. El portugu\u00e9s Cristiano Ronaldo gan\u00f3 el premio Bal\u00f3n de Oro que le distingue como mejor jugador mundial en 2014,<\/p>\n","protected":false},"author":1,"featured_media":0,"comment_status":"open","ping_status":"open","sticky":false,"template":"","format":"standard","meta":{"footnotes":""},"categories":[10],"tags":[],"_links":{"self":[{"href":"https:\/\/www.ecuadoraldia.com.ec\/index.php?rest_route=\/wp\/v2\/posts\/7057"}],"collection":[{"href":"https:\/\/www.ecuadoraldia.com.ec\/index.php?rest_route=\/wp\/v2\/posts"}],"about":[{"href":"https:\/\/www.ecuadoraldia.com.ec\/index.php?rest_route=\/wp\/v2\/types\/post"}],"author":[{"embeddable":true,"href":"https:\/\/www.ecuadoraldia.com.ec\/index.php?rest_route=\/wp\/v2\/users\/1"}],"replies":[{"embeddable":true,"href":"https:\/\/www.ecuadoraldia.com.ec\/index.php?rest_route=%2Fwp%2Fv2%2Fcomments&post=7057"}],"version-history":[{"count":1,"href":"https:\/\/www.ecuadoraldia.com.ec\/index.php?rest_route=\/wp\/v2\/posts\/7057\/revisions"}],"predecessor-version":[{"id":7059,"href":"https:\/\/www.ecuadoraldia.com.ec\/index.php?rest_route=\/wp\/v2\/posts\/7057\/revisions\/7059"}],"wp:attachment":[{"href":"https:\/\/www.ecuadoraldia.com.ec\/index.php?rest_route=%2Fwp%2Fv2%2Fmedia&parent=7057"}],"wp:term":[{"taxonomy":"category","embeddable":true,"href":"https:\/\/www.ecuadoraldia.com.ec\/index.php?rest_route=%2Fwp%2Fv2%2Fcategories&post=7057"},{"taxonomy":"post_tag","embeddable":true,"href":"https:\/\/www.ecuadoraldia.com.ec\/index.php?rest_route=%2Fwp%2Fv2%2Ftags&post=7057"}],"curies":[{"name":"wp","href":"https:\/\/api.w.org\/{rel}","templated":true}]}}