{"id":7063,"date":"2015-01-12T21:26:03","date_gmt":"2015-01-12T21:26:03","guid":{"rendered":"http:\/\/www.ecuadoraldia.com.ec\/?p=7063"},"modified":"2015-01-12T21:26:03","modified_gmt":"2015-01-12T21:26:03","slug":"alcaldia-de-duran-dice-que-cirugia-no-era-parte-de-premio-a-reina","status":"publish","type":"post","link":"https:\/\/www.ecuadoraldia.com.ec\/?p=7063","title":{"rendered":"Alcald\u00eda de Dur\u00e1n dice que cirug\u00eda no era parte de premio a reina"},"content":{"rendered":"<p style=\"text-align: justify;\"><a href=\"http:\/\/www.ecuadoraldia.com.ec\/wp-content\/uploads\/2015\/01\/reina-de-duran_52cc51fc7f1b35313eb16d9c02e50622.jpg\"><img loading=\"lazy\" decoding=\"async\" class=\"alignleft size-medium wp-image-7064\" src=\"http:\/\/www.ecuadoraldia.com.ec\/wp-content\/uploads\/2015\/01\/reina-de-duran_52cc51fc7f1b35313eb16d9c02e50622-300x204.jpg\" alt=\"reina de duran_\" width=\"300\" height=\"204\" srcset=\"https:\/\/www.ecuadoraldia.com.ec\/wp-content\/uploads\/2015\/01\/reina-de-duran_52cc51fc7f1b35313eb16d9c02e50622-300x204.jpg 300w, https:\/\/www.ecuadoraldia.com.ec\/wp-content\/uploads\/2015\/01\/reina-de-duran_52cc51fc7f1b35313eb16d9c02e50622.jpg 450w\" sizes=\"(max-width: 300px) 100vw, 300px\" \/><\/a>El Municipio de Dur\u00e1n aclar\u00f3 que la cirug\u00eda est\u00e9tica a la que se someti\u00f3 la reina del cant\u00f3n, Catherine Cando, quien falleci\u00f3 el s\u00e1bado pasado en una cl\u00ednica de Guayaquil, \u00abfue una estrategia de marketing\u00bb de un cirujano, quien s\u00f3lo particip\u00f3 ese d\u00eda en el evento, porque form\u00f3 parte de jurado del certamen.<\/p>\n<p style=\"text-align: justify;\">\u00abInformamos que los premios que ofreci\u00f3 y entreg\u00f3 el Municipio para la ganadora del concurso Reina de Dur\u00e1n fueron un auto Chevrolet Aveo 2015 y una tablet\u00bb, sostiene el comunicado de la alcaldesa, Alexandra Arce, publicado la noche de ayer en la web del Cabildo. All\u00ed se nombra al cirujano.<\/p>\n<p style=\"text-align: justify;\">\u00abEl Municipio no coordin\u00f3 ni tuvo conocimiento o participaci\u00f3n alguna en el procedimiento escogido y negociado por nuestra querida Catherine\u00bb, recalca.<\/p>\n<p style=\"text-align: justify;\">A\u00f1ade que el Cabildo \u00abaportar\u00e1 en todas las investigaciones y llegar\u00e1 jur\u00eddicamente a todas las instancias para esclarecer la causa de la muerte\u00bb de la joven, para que el hecho no quede impune.<\/p>\n<p>En el comunicado, la alcaldesa Arce present\u00f3 su nota de pesar con la familia de la fallecida reina del cant\u00f3n. \u00abLo que vivimos hoy quienes conocimos a Catherine es dif\u00edcil de aceptar, pero lamentamos que luego de su partida irresponsables utilicen su deceso para causar da\u00f1o al Municipio\u00bb, apunta.\/Eltel\u00e9grafo<\/p>\n","protected":false},"excerpt":{"rendered":"<p>El Municipio de Dur\u00e1n aclar\u00f3 que la cirug\u00eda est\u00e9tica a la que se someti\u00f3 la reina del cant\u00f3n, Catherine Cando,<\/p>\n","protected":false},"author":1,"featured_media":0,"comment_status":"open","ping_status":"open","sticky":false,"template":"","format":"standard","meta":{"footnotes":""},"categories":[1],"tags":[],"_links":{"self":[{"href":"https:\/\/www.ecuadoraldia.com.ec\/index.php?rest_route=\/wp\/v2\/posts\/7063"}],"collection":[{"href":"https:\/\/www.ecuadoraldia.com.ec\/index.php?rest_route=\/wp\/v2\/posts"}],"about":[{"href":"https:\/\/www.ecuadoraldia.com.ec\/index.php?rest_route=\/wp\/v2\/types\/post"}],"author":[{"embeddable":true,"href":"https:\/\/www.ecuadoraldia.com.ec\/index.php?rest_route=\/wp\/v2\/users\/1"}],"replies":[{"embeddable":true,"href":"https:\/\/www.ecuadoraldia.com.ec\/index.php?rest_route=%2Fwp%2Fv2%2Fcomments&post=7063"}],"version-history":[{"count":1,"href":"https:\/\/www.ecuadoraldia.com.ec\/index.php?rest_route=\/wp\/v2\/posts\/7063\/revisions"}],"predecessor-version":[{"id":7065,"href":"https:\/\/www.ecuadoraldia.com.ec\/index.php?rest_route=\/wp\/v2\/posts\/7063\/revisions\/7065"}],"wp:attachment":[{"href":"https:\/\/www.ecuadoraldia.com.ec\/index.php?rest_route=%2Fwp%2Fv2%2Fmedia&parent=7063"}],"wp:term":[{"taxonomy":"category","embeddable":true,"href":"https:\/\/www.ecuadoraldia.com.ec\/index.php?rest_route=%2Fwp%2Fv2%2Fcategories&post=7063"},{"taxonomy":"post_tag","embeddable":true,"href":"https:\/\/www.ecuadoraldia.com.ec\/index.php?rest_route=%2Fwp%2Fv2%2Ftags&post=7063"}],"curies":[{"name":"wp","href":"https:\/\/api.w.org\/{rel}","templated":true}]}}