{"id":7066,"date":"2015-01-12T22:13:47","date_gmt":"2015-01-12T22:13:47","guid":{"rendered":"http:\/\/www.ecuadoraldia.com.ec\/?p=7066"},"modified":"2015-01-12T22:13:47","modified_gmt":"2015-01-12T22:13:47","slug":"asi-quedo-el-vehiculo-en-el-que-viajaba-john-kerry-en-la-india","status":"publish","type":"post","link":"https:\/\/www.ecuadoraldia.com.ec\/?p=7066","title":{"rendered":"As\u00ed qued\u00f3 el veh\u00edculo en el que viajaba John Kerry en la India"},"content":{"rendered":"<p style=\"text-align: justify;\"><a href=\"http:\/\/www.ecuadoraldia.com.ec\/wp-content\/uploads\/2015\/01\/kerry.jpg\"><img loading=\"lazy\" decoding=\"async\" class=\"alignleft size-medium wp-image-7067\" src=\"http:\/\/www.ecuadoraldia.com.ec\/wp-content\/uploads\/2015\/01\/kerry-300x168.jpg\" alt=\"kerry\" width=\"300\" height=\"168\" srcset=\"https:\/\/www.ecuadoraldia.com.ec\/wp-content\/uploads\/2015\/01\/kerry-300x168.jpg 300w, https:\/\/www.ecuadoraldia.com.ec\/wp-content\/uploads\/2015\/01\/kerry.jpg 770w\" sizes=\"(max-width: 300px) 100vw, 300px\" \/><\/a>API\/ El secretario de Estado norteamericano, John Kerry, lleg\u00f3 este lunes a Pakist\u00e1n, en visita sorpresa, para mantener conversaciones con el Gobierno unas semanas despu\u00e9s del peor ataque de militantes islamistas contra una escuela, en la que murieron 150 personas.<\/p>\n<p style=\"text-align: justify;\">\u00ab(El compromiso del) secretario (de Estado) ser\u00e1 crucial para avanzar en nuestra lucha com\u00fan contra los combatientes extremistas\u00bb, declar\u00f3 un alto responsable del Departamento de Estado, a la vez que a\u00f1adi\u00f3 que Kerry presidir\u00eda una reuni\u00f3n estrat\u00e9gica entre ambos pa\u00edses.<\/p>\n<p style=\"text-align: justify;\">Pakist\u00e1n y los Estados Unidos mantienen relaciones complejas. En el pasado, Washington ha acusado a Islamabad de \u00abdoble juego\u00bb en la \u00abguerra contra el terrorismo\u00bb, apoyando a talibanes \u00abbuenos\u00bb que combaten en Afganist\u00e1n y combatiendo a talibanes \u00abmalos\u00bb, enfrentados a las autoridades pakistan\u00edes.<\/p>\n<p style=\"text-align: justify;\">\u00abVamos a hablar de la eliminaci\u00f3n de grupos terroristas sin hacer distinci\u00f3n entre ellos\u00bb, asegur\u00f3 el alto responsable, bajo condici\u00f3n de anonimato. \u00abNo es un secreto para nadie que los Estados Unidos han exhortado a Pakist\u00e1n a hacer m\u00e1s en t\u00e9rminos de contraterrorismo\u00bb.<\/p>\n<p style=\"text-align: justify;\">\u00abPero creo que el m\u00e9rito debe ir para el gobierno pakistan\u00ed por su reacci\u00f3n firme tras el ataque a (la escuela de) Peshawar y su operaci\u00f3n en Wazirist\u00e1n del Norte\u00bb, subray\u00f3 el responsable.<\/p>\n<p style=\"text-align: justify;\"><a href=\"http:\/\/www.ecuadoraldia.com.ec\/wp-content\/uploads\/2015\/01\/kerry2.jpg\"><img loading=\"lazy\" decoding=\"async\" class=\"alignleft size-medium wp-image-7068\" src=\"http:\/\/www.ecuadoraldia.com.ec\/wp-content\/uploads\/2015\/01\/kerry2-300x168.jpg\" alt=\"kerry2\" width=\"300\" height=\"168\" srcset=\"https:\/\/www.ecuadoraldia.com.ec\/wp-content\/uploads\/2015\/01\/kerry2-300x168.jpg 300w, https:\/\/www.ecuadoraldia.com.ec\/wp-content\/uploads\/2015\/01\/kerry2.jpg 770w\" sizes=\"(max-width: 300px) 100vw, 300px\" \/><\/a>\u00abVAMOS A HABLAR DE LA ELIMINACI\u00d3N DE GRUPOS TERRORISTAS SIN HACER DISTINCI\u00d3N ENTRE ELLOS\u00bb<\/p>\n<p style=\"text-align: justify;\">Tras a\u00f1os de presi\u00f3n de los Estados Unidos, el Ej\u00e9rcito pakistan\u00ed lanz\u00f3 en junio una vasta ofensiva en esa provincia, zona tribal fronteriza con Afganist\u00e1n, convertida desde hace una d\u00e9cada en el epicentro del movimiento yihadista regional.<\/p>\n<p style=\"text-align: justify;\">Fue en represalia por esta ofensiva que los talibanes pakistan\u00edes atacaron el 16 de diciembre una escuela frecuentada por hijos de militares y mataron a 150 personas, entre ellas, 134 escolares.<\/p>\n<p style=\"text-align: justify;\">La visita de Kerry ha coincidido con la reapertura de los colegios del pa\u00eds, cerrados desde la matanza.<\/p>\n<p style=\"text-align: justify;\">Kerry sufri\u00f3 un leve accidente de coche durante un viaje en la India<\/p>\n<p style=\"text-align: justify;\">El secretario de Estado estadounidense sufri\u00f3 este lunes un leve accidente de carretera durante su visita a India occidental, aunque nadie result\u00f3 herido, inform\u00f3 un responsable.<br \/>\nKerry se dirig\u00eda al aeropuerto de Ahmedabad, en el estado de Gujarat, cuando su veh\u00edculo y otro que formaba parte de su convoy tuvieron un accidente, explic\u00f3 el Departamento de Estado.<\/p>\n<p style=\"text-align: justify;\">\u00abNO EST\u00c1N HERIDOS NI \u00c9L NI NINGUNA PERSONA DE SU EQUIPO\u00bb<\/p>\n<p style=\"text-align: justify;\">\u00abEl secretario de Estado se encontraba en el primer coche. No est\u00e1n heridos ni \u00e9l ni ninguna persona de su equipo\u00bb, explic\u00f3 la vocera Jen Psaki.<\/p>\n<p style=\"text-align: justify;\">Kerry se reuni\u00f3 con el primer ministro Narendra Modi durante su visita y asisti\u00f3 a una importante conferencia de inversores en Gujarat. El secretario estadounidense viaj\u00f3 a la India previamente a la visita de Barack Obama, que ser\u00e1 invitado de honor el pr\u00f3ximo 26 de enero, d\u00eda oficial de la rep\u00fablica.<\/p>\n","protected":false},"excerpt":{"rendered":"<p>API\/ El secretario de Estado norteamericano, John Kerry, lleg\u00f3 este lunes a Pakist\u00e1n, en visita sorpresa, para mantener conversaciones con<\/p>\n","protected":false},"author":1,"featured_media":0,"comment_status":"open","ping_status":"open","sticky":false,"template":"","format":"standard","meta":{"footnotes":""},"categories":[7],"tags":[],"_links":{"self":[{"href":"https:\/\/www.ecuadoraldia.com.ec\/index.php?rest_route=\/wp\/v2\/posts\/7066"}],"collection":[{"href":"https:\/\/www.ecuadoraldia.com.ec\/index.php?rest_route=\/wp\/v2\/posts"}],"about":[{"href":"https:\/\/www.ecuadoraldia.com.ec\/index.php?rest_route=\/wp\/v2\/types\/post"}],"author":[{"embeddable":true,"href":"https:\/\/www.ecuadoraldia.com.ec\/index.php?rest_route=\/wp\/v2\/users\/1"}],"replies":[{"embeddable":true,"href":"https:\/\/www.ecuadoraldia.com.ec\/index.php?rest_route=%2Fwp%2Fv2%2Fcomments&post=7066"}],"version-history":[{"count":1,"href":"https:\/\/www.ecuadoraldia.com.ec\/index.php?rest_route=\/wp\/v2\/posts\/7066\/revisions"}],"predecessor-version":[{"id":7069,"href":"https:\/\/www.ecuadoraldia.com.ec\/index.php?rest_route=\/wp\/v2\/posts\/7066\/revisions\/7069"}],"wp:attachment":[{"href":"https:\/\/www.ecuadoraldia.com.ec\/index.php?rest_route=%2Fwp%2Fv2%2Fmedia&parent=7066"}],"wp:term":[{"taxonomy":"category","embeddable":true,"href":"https:\/\/www.ecuadoraldia.com.ec\/index.php?rest_route=%2Fwp%2Fv2%2Fcategories&post=7066"},{"taxonomy":"post_tag","embeddable":true,"href":"https:\/\/www.ecuadoraldia.com.ec\/index.php?rest_route=%2Fwp%2Fv2%2Ftags&post=7066"}],"curies":[{"name":"wp","href":"https:\/\/api.w.org\/{rel}","templated":true}]}}