{"id":7074,"date":"2015-01-13T20:04:59","date_gmt":"2015-01-13T20:04:59","guid":{"rendered":"http:\/\/www.ecuadoraldia.com.ec\/?p=7074"},"modified":"2015-01-13T20:04:59","modified_gmt":"2015-01-13T20:04:59","slug":"cuatro-renuncias-confirmadas-en-el-cabildo-quiteno-desde-fin-de-ano","status":"publish","type":"post","link":"https:\/\/www.ecuadoraldia.com.ec\/?p=7074","title":{"rendered":"Cuatro renuncias confirmadas en el Cabildo quite\u00f1o desde fin de a\u00f1o"},"content":{"rendered":"<figure id=\"attachment_7075\" aria-describedby=\"caption-attachment-7075\" style=\"width: 300px\" class=\"wp-caption alignleft\"><a href=\"http:\/\/www.ecuadoraldia.com.ec\/wp-content\/uploads\/2015\/01\/quito-cabildo_.jpg\"><img loading=\"lazy\" decoding=\"async\" class=\"size-medium wp-image-7075\" src=\"http:\/\/www.ecuadoraldia.com.ec\/wp-content\/uploads\/2015\/01\/quito-cabildo_-300x148.jpg\" alt=\"El alcalde Mauricio Rodas present\u00f3 el 15 de mayo a una parte de su equipo de trabajo. Foto: Archivo\/ El Tel\u00e9grafo\" width=\"300\" height=\"148\" srcset=\"https:\/\/www.ecuadoraldia.com.ec\/wp-content\/uploads\/2015\/01\/quito-cabildo_-300x148.jpg 300w, https:\/\/www.ecuadoraldia.com.ec\/wp-content\/uploads\/2015\/01\/quito-cabildo_.jpg 450w\" sizes=\"(max-width: 300px) 100vw, 300px\" \/><\/a><figcaption id=\"caption-attachment-7075\" class=\"wp-caption-text\">El alcalde Mauricio Rodas present\u00f3 el 15 de mayo a una parte de su equipo de trabajo. Foto: Archivo\/ El Tel\u00e9grafo<\/figcaption><\/figure>\n<p style=\"text-align: justify;\">Dos nombres se sumaron a la lista de funcionarios del Municipio quite\u00f1o cuyas renuncias fueron aceptadas por el alcalde Mauricio Rodas desde finales de 2014.<\/p>\n<p style=\"text-align: justify;\">El viernes pasado se conoci\u00f3 de la salida de Mariana Andrade, secretaria metropolitana de Cultura, y de Rub\u00e9n Lozano, gerente de la Empresa Metropolitana de Transporte de Pasajeros de Quito (EMTPQ).<\/p>\n<p style=\"text-align: justify;\">Este \u00faltimo fue reemplazado por Rafael Villalba, quien se desempe\u00f1aba como titular de la Administraci\u00f3n Zonal Eugenio Espejo. Entre tanto, no hay certeza todav\u00eda sobre qui\u00e9n ocupar\u00eda el lugar de Andrade.<\/p>\n<p style=\"text-align: justify;\">Ayer se conoci\u00f3 que Ramiro Cobos dej\u00f3 de ser administrador de la zona Quitumbe y que en su lugar estar\u00e1 Alfonso Cevallos.<\/p>\n<p style=\"text-align: justify;\">As\u00ed mismo, el periodista Juan Tibanlombo dimiti\u00f3 a su cargo como director de la Agencia P\u00fablica de Noticias de Quito.<\/p>\n<p style=\"text-align: justify;\">El Alcalde dijo el fin de semana que los cambios son un ejercicio \u201cnormal para oxigenar\u201d a su equipo de trabajo y record\u00f3 que fue \u00e9l quien pidi\u00f3 las renuncias a los funcionarios de libre remoci\u00f3n.<\/p>\n<p style=\"text-align: justify;\">Sin embargo, estas no son las primeras salidas que Rodas sufre en los 8 meses en su cargo.<\/p>\n<p style=\"text-align: justify;\">El primero en marcharse fue el mexicano Luis Beltr\u00e1n, exdirector de medios municipales, luego de que este desatara una crisis tras sacar de las radios municipales al programa El Poder de la Palabra, del grupo Ecuadorinmediato.<\/p>\n<p style=\"text-align: justify;\">La comunicadora Jenny Silva, antecesora de Tibanlombo, tambi\u00e9n dej\u00f3 su puesto el \u00faltimo trimestre del a\u00f1o anterior.<\/p>\n<p style=\"text-align: justify;\">En tanto, F\u00e9lix Aguilar permanece al frente de las emisoras municipales como director encargado desde el inicio de la gesti\u00f3n.<\/p>\n<p style=\"text-align: justify;\">A ello se a\u00f1ade la demora que hubo en cubrir ciertos puestos al inicio de la Alcald\u00eda.<\/p>\n<p style=\"text-align: justify;\">Por ejemplo, mientras el 15 de mayo (al d\u00eda siguiente de la posesi\u00f3n) se dio a conocer el nombre de 11 de los secretarios metropolitanos, la identidad del titular del \u00e1rea de comunicaci\u00f3n tom\u00f3 varios d\u00edas en definirse.(El Tel\u00e9grafo)<\/p>\n","protected":false},"excerpt":{"rendered":"<p>Dos nombres se sumaron a la lista de funcionarios del Municipio quite\u00f1o cuyas renuncias fueron aceptadas por el alcalde Mauricio<\/p>\n","protected":false},"author":1,"featured_media":0,"comment_status":"open","ping_status":"open","sticky":false,"template":"","format":"standard","meta":{"footnotes":""},"categories":[14,1],"tags":[],"_links":{"self":[{"href":"https:\/\/www.ecuadoraldia.com.ec\/index.php?rest_route=\/wp\/v2\/posts\/7074"}],"collection":[{"href":"https:\/\/www.ecuadoraldia.com.ec\/index.php?rest_route=\/wp\/v2\/posts"}],"about":[{"href":"https:\/\/www.ecuadoraldia.com.ec\/index.php?rest_route=\/wp\/v2\/types\/post"}],"author":[{"embeddable":true,"href":"https:\/\/www.ecuadoraldia.com.ec\/index.php?rest_route=\/wp\/v2\/users\/1"}],"replies":[{"embeddable":true,"href":"https:\/\/www.ecuadoraldia.com.ec\/index.php?rest_route=%2Fwp%2Fv2%2Fcomments&post=7074"}],"version-history":[{"count":1,"href":"https:\/\/www.ecuadoraldia.com.ec\/index.php?rest_route=\/wp\/v2\/posts\/7074\/revisions"}],"predecessor-version":[{"id":7076,"href":"https:\/\/www.ecuadoraldia.com.ec\/index.php?rest_route=\/wp\/v2\/posts\/7074\/revisions\/7076"}],"wp:attachment":[{"href":"https:\/\/www.ecuadoraldia.com.ec\/index.php?rest_route=%2Fwp%2Fv2%2Fmedia&parent=7074"}],"wp:term":[{"taxonomy":"category","embeddable":true,"href":"https:\/\/www.ecuadoraldia.com.ec\/index.php?rest_route=%2Fwp%2Fv2%2Fcategories&post=7074"},{"taxonomy":"post_tag","embeddable":true,"href":"https:\/\/www.ecuadoraldia.com.ec\/index.php?rest_route=%2Fwp%2Fv2%2Ftags&post=7074"}],"curies":[{"name":"wp","href":"https:\/\/api.w.org\/{rel}","templated":true}]}}