{"id":7077,"date":"2015-01-13T20:10:29","date_gmt":"2015-01-13T20:10:29","guid":{"rendered":"http:\/\/www.ecuadoraldia.com.ec\/?p=7077"},"modified":"2015-01-13T20:10:29","modified_gmt":"2015-01-13T20:10:29","slug":"una-empresa-con-800-de-capital-compro-el-94-de-acciones-de-el-comercio","status":"publish","type":"post","link":"https:\/\/www.ecuadoraldia.com.ec\/?p=7077","title":{"rendered":"Una empresa con $800 de capital compr\u00f3 el 94% de acciones de El Comercio"},"content":{"rendered":"<p style=\"text-align: justify;\"><a href=\"http:\/\/www.ecuadoraldia.com.ec\/wp-content\/uploads\/2015\/01\/El-Comercio-de-Ecuador.jpg\"><img loading=\"lazy\" decoding=\"async\" class=\"alignleft size-medium wp-image-7078\" src=\"http:\/\/www.ecuadoraldia.com.ec\/wp-content\/uploads\/2015\/01\/El-Comercio-de-Ecuador-300x225.jpg\" alt=\"El Comercio de Ecuador\" width=\"300\" height=\"225\" srcset=\"https:\/\/www.ecuadoraldia.com.ec\/wp-content\/uploads\/2015\/01\/El-Comercio-de-Ecuador-300x225.jpg 300w, https:\/\/www.ecuadoraldia.com.ec\/wp-content\/uploads\/2015\/01\/El-Comercio-de-Ecuador.jpg 400w\" sizes=\"(max-width: 300px) 100vw, 300px\" \/><\/a>Despu\u00e9s de varios meses de rumores sobre la venta de diario El Comercio al mismo propietario del canal RTS, la transacci\u00f3n finalmente fue registrada ante la Superintendencia de Compa\u00f1\u00edas. Al inicio se hablaba de la venta del 68% del paquete accionario del peri\u00f3dico m\u00e1s antiguo de Quito, pero la transacci\u00f3n total fue por $15&#8217;487.040 equivalente al 94,43% de las acciones a favor de la empresa Telecomunicaciones Globales de Entretenimiento Televisivo (Telglovisi\u00f3n S.A.).<\/p>\n<p style=\"text-align: justify;\">Dicha empresa tambi\u00e9n es accionista de Televisora Integral de Comunicaci\u00f3n (Telintecomun S.A.), suscrita con un capital de $ 800 y dedicada a \u00abinstalar, operar, explotar y comercializar todo tipo de productos relacionados con las telecomunicaciones\u00bb.<\/p>\n<p style=\"text-align: justify;\">Mientras que el 5,57% restante contin\u00faa en manos de 205 accionistas, entre quienes constan empleados y excolaboradores del mismo diario, as\u00ed como algunos miembros de la familia Mantilla como el exdue\u00f1o de Diario HOY, Jaime Mantilla Anderson.<\/p>\n<p style=\"text-align: justify;\"><a href=\"http:\/\/www.ecuadoraldia.com.ec\/wp-content\/uploads\/2015\/01\/ACCIONISTAS.jpg\"><img loading=\"lazy\" decoding=\"async\" class=\"alignleft size-medium wp-image-7079\" src=\"http:\/\/www.ecuadoraldia.com.ec\/wp-content\/uploads\/2015\/01\/ACCIONISTAS-300x153.jpg\" alt=\"ACCIONISTAS\" width=\"300\" height=\"153\" srcset=\"https:\/\/www.ecuadoraldia.com.ec\/wp-content\/uploads\/2015\/01\/ACCIONISTAS-300x153.jpg 300w, https:\/\/www.ecuadoraldia.com.ec\/wp-content\/uploads\/2015\/01\/ACCIONISTAS-1024x522.jpg 1024w, https:\/\/www.ecuadoraldia.com.ec\/wp-content\/uploads\/2015\/01\/ACCIONISTAS.jpg 1332w\" sizes=\"(max-width: 300px) 100vw, 300px\" \/><\/a>\u00bfPero qui\u00e9n es el nuevo due\u00f1o de El Comercio? La empresa Telglovisi\u00f3n S.A. tambi\u00e9n consta en la S\u00faper de Compa\u00f1\u00edas como una empresa dedicada a \u00abinstalar, operar, explotar y comercializar todo tipo de productos relacionados con las telecomunicaciones\u00bb y posee un capital suscrito de $800. Tanto Telintecomun S.A. como Telglovisi\u00f3n S.A. (nueva propietaria de El Comercio) est\u00e1n administrados por la argentina Josefina Tejada Rodr\u00edguez y el ecuatoriano Diego Ponce P\u00e9rez, quien consta adem\u00e1s como gerente de Tecomentre S.A.,de MagnaTV S.A. y como apoderado de la sucursal de Noxlyn Trade S.A., con sede en Uruguay.<\/p>\n<p style=\"text-align: justify;\">Telglovisi\u00f3n S.A. consta como propiedad la empresa uruguaya Blackster S.A. (con una inversi\u00f3n de $792), cuyo representante legal es desde 2012 Luis Esteban G\u00f3mez Amador, tambi\u00e9n presidente de RTS.<\/p>\n<p style=\"text-align: justify;\">Tras confirmarse la venta, las reacciones no se hicieron esperar en las redes sociales. Algunos se refirieron a un posible cambio en la l\u00ednea editorial del medio de comunicaci\u00f3n y otros hablan de una posible irregularidad en la transacci\u00f3n.<\/p>\n<p>&nbsp;<\/p>\n","protected":false},"excerpt":{"rendered":"<p>Despu\u00e9s de varios meses de rumores sobre la venta de diario El Comercio al mismo propietario del canal RTS, la<\/p>\n","protected":false},"author":1,"featured_media":0,"comment_status":"open","ping_status":"open","sticky":false,"template":"","format":"standard","meta":{"footnotes":""},"categories":[1],"tags":[],"_links":{"self":[{"href":"https:\/\/www.ecuadoraldia.com.ec\/index.php?rest_route=\/wp\/v2\/posts\/7077"}],"collection":[{"href":"https:\/\/www.ecuadoraldia.com.ec\/index.php?rest_route=\/wp\/v2\/posts"}],"about":[{"href":"https:\/\/www.ecuadoraldia.com.ec\/index.php?rest_route=\/wp\/v2\/types\/post"}],"author":[{"embeddable":true,"href":"https:\/\/www.ecuadoraldia.com.ec\/index.php?rest_route=\/wp\/v2\/users\/1"}],"replies":[{"embeddable":true,"href":"https:\/\/www.ecuadoraldia.com.ec\/index.php?rest_route=%2Fwp%2Fv2%2Fcomments&post=7077"}],"version-history":[{"count":1,"href":"https:\/\/www.ecuadoraldia.com.ec\/index.php?rest_route=\/wp\/v2\/posts\/7077\/revisions"}],"predecessor-version":[{"id":7080,"href":"https:\/\/www.ecuadoraldia.com.ec\/index.php?rest_route=\/wp\/v2\/posts\/7077\/revisions\/7080"}],"wp:attachment":[{"href":"https:\/\/www.ecuadoraldia.com.ec\/index.php?rest_route=%2Fwp%2Fv2%2Fmedia&parent=7077"}],"wp:term":[{"taxonomy":"category","embeddable":true,"href":"https:\/\/www.ecuadoraldia.com.ec\/index.php?rest_route=%2Fwp%2Fv2%2Fcategories&post=7077"},{"taxonomy":"post_tag","embeddable":true,"href":"https:\/\/www.ecuadoraldia.com.ec\/index.php?rest_route=%2Fwp%2Fv2%2Ftags&post=7077"}],"curies":[{"name":"wp","href":"https:\/\/api.w.org\/{rel}","templated":true}]}}