{"id":7081,"date":"2015-01-14T12:42:34","date_gmt":"2015-01-14T12:42:34","guid":{"rendered":"http:\/\/www.ecuadoraldia.com.ec\/?p=7081"},"modified":"2015-01-14T12:42:34","modified_gmt":"2015-01-14T12:42:34","slug":"nueva-edicion-de-charlie-hebdo-publica-5-millones-de-copias","status":"publish","type":"post","link":"https:\/\/www.ecuadoraldia.com.ec\/?p=7081","title":{"rendered":"Nueva edici\u00f3n de Charlie Hebdo publica 5 millones de copias"},"content":{"rendered":"<p style=\"text-align: justify;\"><a href=\"http:\/\/www.ecuadoraldia.com.ec\/wp-content\/uploads\/2015\/01\/14-01-15-CHARLIE-10.jpg\"><img loading=\"lazy\" decoding=\"async\" class=\"alignleft size-medium wp-image-7082\" src=\"http:\/\/www.ecuadoraldia.com.ec\/wp-content\/uploads\/2015\/01\/14-01-15-CHARLIE-10-300x199.jpg\" alt=\"14-01-15-CHARLIE-10\" width=\"300\" height=\"199\" srcset=\"https:\/\/www.ecuadoraldia.com.ec\/wp-content\/uploads\/2015\/01\/14-01-15-CHARLIE-10-300x199.jpg 300w, https:\/\/www.ecuadoraldia.com.ec\/wp-content\/uploads\/2015\/01\/14-01-15-CHARLIE-10.jpg 800w\" sizes=\"(max-width: 300px) 100vw, 300px\" \/><\/a>AFP. La edici\u00f3n de hoy de la revista Charlie Hebdo, que ilustra al profeta Mahoma con una l\u00e1grima mientras porta una pancarta con el lema \u201cJe suis Charlie\u201d (Yo soy Charlie), y que lleva el titular \u201cTodo est\u00e1 perdonado\u201d, es, sin duda, la publicaci\u00f3n m\u00e1s esperada de la historia del semanario sat\u00edrico.<\/p>\n<p style=\"text-align: justify;\">Se trata del n\u00famero posterior al atentado terrorista que ocurri\u00f3 hace 7 d\u00edas en Par\u00eds, donde 12 colaboradores fueron asesinados por islamitas radicales que consideraron las caricaturas publicadas de Mahoma como un insulto a su religi\u00f3n musulmana.<\/p>\n<p style=\"text-align: justify;\">El semanario, compuesto por 3 millones de ejemplares, 2 millones m\u00e1s de lo previsto inicialmente, tendr\u00e1 8 p\u00e1ginas, en lugar de las 16 habituales. Adem\u00e1s contar\u00e1 con una versi\u00f3n digital que ser\u00e1 traducida a 16 idiomas, entre los que constan el \u00e1rabe, turco, ingl\u00e9s y espa\u00f1ol.<\/p>\n<p style=\"text-align: justify;\">La ampliaci\u00f3n (Charlie Hebdo sol\u00eda poner a la venta solo 60.000 ejemplares), seg\u00fan recogen los medios franceses, responde a la avalancha de pedidos recibidos tanto en Francia como desde el extranjero, una demanda mayor a la tirada final.<\/p>\n<p style=\"text-align: justify;\">El abogado del semanario, Richard Malka, ya hab\u00eda avanzado ayer que este n\u00famero iba a incluir caricaturas de Mahoma y burlas sobre pol\u00edticos y religiosos, porque ese, seg\u00fan asegur\u00f3 a la emisora France Info, \u201ces el esp\u00edritu de \u2018Yo soy Charlie\u2019\u201d.<\/p>\n<p style=\"text-align: justify;\">\u201cNunca vamos a ceder. Si no, nada de esto tendr\u00eda sentido\u201d, apunt\u00f3 el abogado y colaborador de este semanario.<\/p>\n<p style=\"text-align: justify;\">Renald Luzier, \u2018Luz\u2019, el dibujante a cargo de la portada, explica c\u00f3mo fue el proceso creativo que lo llev\u00f3 a realizar la caricatura. \u201cLos terroristas tambi\u00e9n fueron ni\u00f1os y tambi\u00e9n dibujaron como nosotros y en alg\u00fan momento perdieron su alma de ni\u00f1o y dejaron de ver el mundo desde afuera. A partir de ah\u00ed escrib\u00ed \u201ctodo est\u00e1 perdonado\u201d y comenc\u00e9 a llorar\u201d.<\/p>\n<p style=\"text-align: justify;\">Gerard Biard, jefe de redacci\u00f3n del semanario, agreg\u00f3 en la rueda de prensa que: \u201cEs un Mahoma mucho m\u00e1s simp\u00e1tico que el esgrimido por los que abrieron fuego\u201d.<\/p>\n<p style=\"text-align: justify;\">Respecto a si tiene miedo de nuevas represalias por dibujar una vez m\u00e1s a Mahoma en la portada, \u2018Luz\u2019 dijo que \u201ccreo que las personas son inteligentes. Confiamos en la inteligencia de las personas, confiamos en la inteligencia del humor\u201d.<\/p>\n<p style=\"text-align: justify;\">El portal infobae.com report\u00f3 que la radio francesa RTL reprodujo lo que muchos ven como un mensaje subliminal: 2 penes ocultos en el rostro del profeta. El primero de los miembros estar\u00eda formado por el turbante y su cara; el segundo, por los ojos y la nariz de Mahoma. Blasfemia o no, quienes hacen el semanario aseguran que no solo en la portada habr\u00e1n caricaturas de Mahoma, sino tambi\u00e9n en p\u00e1ginas interiores.(Tel\u00e9grafo)<\/p>\n","protected":false},"excerpt":{"rendered":"<p>AFP. La edici\u00f3n de hoy de la revista Charlie Hebdo, que ilustra al profeta Mahoma con una l\u00e1grima mientras porta<\/p>\n","protected":false},"author":1,"featured_media":0,"comment_status":"open","ping_status":"open","sticky":false,"template":"","format":"standard","meta":{"footnotes":""},"categories":[7],"tags":[],"_links":{"self":[{"href":"https:\/\/www.ecuadoraldia.com.ec\/index.php?rest_route=\/wp\/v2\/posts\/7081"}],"collection":[{"href":"https:\/\/www.ecuadoraldia.com.ec\/index.php?rest_route=\/wp\/v2\/posts"}],"about":[{"href":"https:\/\/www.ecuadoraldia.com.ec\/index.php?rest_route=\/wp\/v2\/types\/post"}],"author":[{"embeddable":true,"href":"https:\/\/www.ecuadoraldia.com.ec\/index.php?rest_route=\/wp\/v2\/users\/1"}],"replies":[{"embeddable":true,"href":"https:\/\/www.ecuadoraldia.com.ec\/index.php?rest_route=%2Fwp%2Fv2%2Fcomments&post=7081"}],"version-history":[{"count":1,"href":"https:\/\/www.ecuadoraldia.com.ec\/index.php?rest_route=\/wp\/v2\/posts\/7081\/revisions"}],"predecessor-version":[{"id":7083,"href":"https:\/\/www.ecuadoraldia.com.ec\/index.php?rest_route=\/wp\/v2\/posts\/7081\/revisions\/7083"}],"wp:attachment":[{"href":"https:\/\/www.ecuadoraldia.com.ec\/index.php?rest_route=%2Fwp%2Fv2%2Fmedia&parent=7081"}],"wp:term":[{"taxonomy":"category","embeddable":true,"href":"https:\/\/www.ecuadoraldia.com.ec\/index.php?rest_route=%2Fwp%2Fv2%2Fcategories&post=7081"},{"taxonomy":"post_tag","embeddable":true,"href":"https:\/\/www.ecuadoraldia.com.ec\/index.php?rest_route=%2Fwp%2Fv2%2Ftags&post=7081"}],"curies":[{"name":"wp","href":"https:\/\/api.w.org\/{rel}","templated":true}]}}