{"id":7087,"date":"2015-01-14T12:53:36","date_gmt":"2015-01-14T12:53:36","guid":{"rendered":"http:\/\/www.ecuadoraldia.com.ec\/?p=7087"},"modified":"2015-01-14T12:55:26","modified_gmt":"2015-01-14T12:55:26","slug":"la-campana-de-desinformacion-fue-la-causa-del-30-s","status":"publish","type":"post","link":"https:\/\/www.ecuadoraldia.com.ec\/?p=7087","title":{"rendered":"\u2018La campa\u00f1a de desinformaci\u00f3n fue la causa del 30-S\u2019\u00a0"},"content":{"rendered":"<p style=\"text-align: justify;\"><a href=\"http:\/\/www.ecuadoraldia.com.ec\/wp-content\/uploads\/2015\/01\/presidente_30s.jpg\"><img loading=\"lazy\" decoding=\"async\" class=\"alignleft size-medium wp-image-7088\" src=\"http:\/\/www.ecuadoraldia.com.ec\/wp-content\/uploads\/2015\/01\/presidente_30s-300x201.jpg\" alt=\"presidente_30s\" width=\"300\" height=\"201\" srcset=\"https:\/\/www.ecuadoraldia.com.ec\/wp-content\/uploads\/2015\/01\/presidente_30s-300x201.jpg 300w, https:\/\/www.ecuadoraldia.com.ec\/wp-content\/uploads\/2015\/01\/presidente_30s.jpg 316w\" sizes=\"(max-width: 300px) 100vw, 300px\" \/><\/a>El exjefe del Comando Conjunto, Ernesto Gonz\u00e1lez, reconoci\u00f3 que la vida del presidente Rafael Correa corri\u00f3 peligro y que la revuelta fue producto de una campa\u00f1a de desinformaci\u00f3n al interior de la Polic\u00eda y de las Fuerzas Armadas.<\/p>\n<p style=\"text-align: justify;\">Los polic\u00edas sublevados colocaron francotiradores en los edificios aleda\u00f1os al hospital donde estaba Correa, listos para usar armamento letal. Los militares se encargaron de liberar al Presidente y cuando inici\u00f3 la operaci\u00f3n fueron repelidos a bala.<\/p>\n<p style=\"text-align: justify;\">Gonz\u00e1lez record\u00f3 que la revuelta policial de aquel d\u00eda de 2010 surgi\u00f3 porque supuestamente la Ley Org\u00e1nica de Servicio P\u00fablico (Losep) eliminaba bonificaciones en la fuerza p\u00fablica, por motivo de ascensos. Gonz\u00e1lez asegur\u00f3 que nunca existi\u00f3 esa posibilidad.<\/p>\n<p style=\"text-align: justify;\">\u201cLa verdad es que no se iba a conculcar ning\u00fan derecho. Se iban a establecer compensaciones, pero esta informaci\u00f3n no fue difundida a todo el estamento militar, pese a que se hicieron campa\u00f1as (&#8230;) hubo una campa\u00f1a de desinformaci\u00f3n en el sentido de que se iban a afectar derechos\u201d, afirm\u00f3 en una entrevista radial, el pasado lunes.<\/p>\n<p style=\"text-align: justify;\">Gonz\u00e1lez presentar\u00e1 ma\u00f1ana su libro Testimonio de un comandante, en el que cuenta su versi\u00f3n de los hechos sobre el 30S. Recuerda que ese d\u00eda, al menos 20 de los 24 comandos provinciales se hab\u00edan insubordinado.<\/p>\n<p style=\"text-align: justify;\">El ahora general en servicio pasivo asegur\u00f3 en Radio Visi\u00f3n que la situaci\u00f3n siempre se vigil\u00f3 \u201cpero no pensamos que iba a llegar a ese nivel\u201d. En ese sentido reconoci\u00f3 que la inteligencia militar se equivoc\u00f3 al no haber previsto la revuelta.<\/p>\n<p style=\"text-align: justify;\"><a href=\"http:\/\/www.ecuadoraldia.com.ec\/wp-content\/uploads\/2015\/01\/general.jpg\"><img loading=\"lazy\" decoding=\"async\" class=\"alignleft size-medium wp-image-7089\" src=\"http:\/\/www.ecuadoraldia.com.ec\/wp-content\/uploads\/2015\/01\/general-298x300.jpg\" alt=\"FUERZAS ARMADAS\" width=\"298\" height=\"300\" srcset=\"https:\/\/www.ecuadoraldia.com.ec\/wp-content\/uploads\/2015\/01\/general-298x300.jpg 298w, https:\/\/www.ecuadoraldia.com.ec\/wp-content\/uploads\/2015\/01\/general-150x150.jpg 150w, https:\/\/www.ecuadoraldia.com.ec\/wp-content\/uploads\/2015\/01\/general.jpg 350w\" sizes=\"(max-width: 298px) 100vw, 298px\" \/><\/a>El general Ernesto Gonz\u00e1lez, exjefe del comando conjunto de las Fuerzas Armadas, presentar\u00e1 ma\u00f1ana en Quito su libro titulado \u00bbTestimonio de un comandante\u00bb. El acto se realizar\u00e1 en la Asociaci\u00f3n de Generales y Almirantes de las FF.AA.El general Ernesto Gonz\u00e1lez, exjefe del comando conjunto de las Fuerzas Armadas, presentar\u00e1 ma\u00f1ana en Quito su libro titulado \u00bbTestimonio de un comandante\u00bb. El acto se realizar\u00e1 en la Asociaci\u00f3n de Generales y Almirantes de las FF.AA.<br \/>\nAgreg\u00f3 que el 30S cada cual intent\u00f3 solucionar el problema por su cuenta, cuando, seg\u00fan \u00e9l, el mando militar estaba al frente. De acuerdo a su versi\u00f3n, el general de la Polic\u00eda, Euclides Mantilla, orden\u00f3 al Grupo de Intervenci\u00f3n y Rescate (GIR), rescatar al Presidente.<\/p>\n<p style=\"text-align: justify;\">Lo propio hizo el entonces ministro del Interior, Gustavo Jalkh al Grupo de Operaciones Especiales (GOE). A eso se a\u00f1adi\u00f3 la marcha encabezada por el canciller Ricardo Pati\u00f1o hasta el hospital de la Polic\u00eda.<\/p>\n<p style=\"text-align: justify;\">Gonz\u00e1lez cont\u00f3 que antes del operativo militar un contingente del GIR acudi\u00f3 para liberar a Rafael Correa pero \u201clos mismos compa\u00f1eros (polic\u00edas) no se lo permitieron. Les pegaron una garrotiza\u201d.<\/p>\n<p style=\"text-align: justify;\">De igual manera, el entonces comandante de la Polic\u00eda aseveraba que la situaci\u00f3n estaba controlada, que los amotinados preparar\u00edan una calle de honor para que saliera Correa mientras ellos entonaban el himno de la instituci\u00f3n.<\/p>\n<p style=\"text-align: justify;\">Pero esa versi\u00f3n contrastaba con la informaci\u00f3n de la inteligencia militar. \u201cLa Polic\u00eda hab\u00eda apostado francotiradores en los edificios aleda\u00f1os. Estaban con armamento militar\u201d, indic\u00f3. Adem\u00e1s cuando la multitud lleg\u00f3 a las inmediaciones del hospital de la Polic\u00eda fue fuertemente reprimida, tanto que ocasion\u00f3 la muerte del estudiante Juan Pablo Bola\u00f1os.<\/p>\n<p style=\"text-align: justify;\">\u201cYa no hab\u00eda condiciones de seguridad para que saliera el Presidente. Si \u00e9l sal\u00eda pod\u00eda ocurrir todo. \u00bfQu\u00e9 pasaba en el pa\u00eds si mataban al Presidente? \u00bfA un Presidente tan popular? Lo mataban y el pa\u00eds se acababa. Nosotros nos imaginamos que la poblaci\u00f3n civil se iba a ir contra la Polic\u00eda Nacional\u201d, reflexiona. A esa conclusi\u00f3n lleg\u00f3 el mando militar que segu\u00eda los eventos en el cuarto de guerra de las FF.AA. Fue all\u00ed donde finalmente se plane\u00f3 la operaci\u00f3n de rescate, despu\u00e9s de que Correa lo ordenara.<\/p>\n<p style=\"text-align: justify;\">Para el exjefe del Comando Conjunto, el Primer Mandatario estaba retenido y no secuestrado. El general ofrece una explicaci\u00f3n t\u00e9cnica puesto que Correa no estaba incomunicado y siempre estuvo al mando del pa\u00eds. Tampoco define la situaci\u00f3n como un golpe de Estado, pero un informe de Naciones Unidas calific\u00f3 aquella jornada como un \u201cintento de desestabilizaci\u00f3n\u201d.<\/p>\n<p style=\"text-align: justify;\">En su libro, Gonz\u00e1lez hace un recuento pormenorizado de su relaci\u00f3n con el Gobierno. Al que fuera su ministro de Defensa, Javier Ponce, lo califica como un \u201cbuen ministro\u201d, que aprendi\u00f3 r\u00e1pidamente la mec\u00e1nica de la instituci\u00f3n militar.<\/p>\n<p style=\"text-align: justify;\">Describe una tensa reuni\u00f3n el mismo d\u00eda del 30S. Los comandantes militares estaban reunidos en Quito, en el sal\u00f3n de guerra del Comando Conjunto. En esa cita particip\u00f3 en alg\u00fan momento Ponce.<\/p>\n<p style=\"text-align: justify;\">Gonz\u00e1lez reconoce que la discusi\u00f3n de hacer la rueda de prensa y de si pedir o no la reforma de la Losep se llev\u00f3 m\u00e1s tiempo del deseado. Ponce se habr\u00eda desesperado y se retir\u00f3 de la sala molesto.<\/p>\n<p style=\"text-align: justify;\">Ante eso Gonz\u00e1lez le pregunt\u00f3 lo que le pasaba y Ponce le habr\u00eda espetado: \u201cNo pierda el tiempo y d\u00e9 el golpe de Estado comandante\u201d. El uniformado rechaz\u00f3 esa afirmaci\u00f3n y reafirm\u00f3 su compromiso con el Estado de derecho.<\/p>\n<p style=\"text-align: justify;\">Horas despu\u00e9s, seg\u00fan la versi\u00f3n de Gonz\u00e1lez, su edec\u00e1n recibi\u00f3 una llamada del entonces presidente de Venezuela, Hugo Ch\u00e1vez. El militar ecuatoriano se neg\u00f3 a contestar pues consideraba que lo que ocurr\u00eda era un asunto interno del pa\u00eds.<\/p>\n<p style=\"text-align: justify;\">El bombardeo de Angostura<\/p>\n<p style=\"text-align: justify;\">En otro tema, Gonz\u00e1lez confirma las conclusiones a las que lleg\u00f3 la comisi\u00f3n investigadora del bombardeo en Angostura. Aunque tiene otra mirada.<\/p>\n<p style=\"text-align: justify;\">\u201cDespu\u00e9s de la firma de la paz las FF.AA. fuimos desatendidas por los diferentes gobiernos. Empez\u00f3 el problema con Colombia porque lleg\u00f3 el presidente \u00c1lvaro Uribe V\u00e9lez y emprendi\u00f3 su pol\u00edtica de atacar a las FARC. El escenario de seguridad en la frontera norte cambi\u00f3\u201d, dijo.<\/p>\n<p style=\"text-align: justify;\">\u201cAl ver tanta desatenci\u00f3n en las FF.AA. nos vimos obligados a pedir ayuda. \u00bfA qui\u00e9n? Al grupo militar de EE.UU. porque supuestamente hay un inter\u00e9s com\u00fan de combatir al narcotr\u00e1fico. \u00bfCu\u00e1l es el inter\u00e9s de EE.UU.? Combatir el narcotr\u00e1fico con su aliada Colombia y el inter\u00e9s nuestro era tener recursos para evitar problemas. Ah\u00ed entra el coronel Mario Pazmi\u00f1o, al que siempre consider\u00e9 un oficial recto, muy profesional en el \u00e1rea de inteligencia. Era \u00e9l quien ten\u00eda contacto con ellos y el que ten\u00eda que compartir informaci\u00f3n porque los norteamericanos no nos van a dar lanchas, medios de comunicaci\u00f3n o pagar informantes as\u00ed nom\u00e1s, ellos tambi\u00e9n exig\u00edan algo a cambio, el objetivo era combatir la narcoguerrilla\u201d.<\/p>\n<p style=\"text-align: justify;\">Pese a la oposici\u00f3n de Gonz\u00e1lez, Pazmi\u00f1o al final dej\u00f3 el Ej\u00e9rcito y se convirti\u00f3 en opositor y candidato por el Partido Social Cristiano.<\/p>\n<p style=\"text-align: justify;\">DATOS<\/p>\n<p style=\"text-align: justify;\">El libro \u2018Testimonio de un comandante\u2019, seg\u00fan Ernesto Gonz\u00e1lez, est\u00e1 dirigido a la juventud militar y a la poblaci\u00f3n en general para que conozca la vida castrense.<\/p>\n<p style=\"text-align: justify;\">Cuando fue el bombardeo en Angostura, Gonz\u00e1lez cuenta que las Fuerzas Armadas solo ten\u00edan un helic\u00f3ptero para el transporte del personal, el cual estaba en Pastaza y no pod\u00eda despegar por el mal tiempo.<\/p>\n<p style=\"text-align: justify;\">Si el Ej\u00e9rcito hubiera estado correctamente equipado, asegura Gonz\u00e1lez, se habr\u00eda podido interceptar a la patrulla colombiana que se intern\u00f3 en el territorio ecuatoriana y que retir\u00f3 el cuerpo de Ra\u00fal Reyes y sus computadoras.<\/p>\n<p style=\"text-align: justify;\">El uniformado critic\u00f3 la reforma legal, adoptada el a\u00f1o pasado sobre el rol de las Fuerzas Armadas y la enmienda constitucional que ahora se debate. Para \u00e9l, atribuirle a los uniformados la \u201cseguridad integral\u201d del pa\u00eds abarca muchos conceptos. (El tel\u00e9grafo)<\/p>\n","protected":false},"excerpt":{"rendered":"<p>El exjefe del Comando Conjunto, Ernesto Gonz\u00e1lez, reconoci\u00f3 que la vida del presidente Rafael Correa corri\u00f3 peligro y que la<\/p>\n","protected":false},"author":1,"featured_media":0,"comment_status":"open","ping_status":"open","sticky":false,"template":"","format":"standard","meta":{"footnotes":""},"categories":[3],"tags":[],"_links":{"self":[{"href":"https:\/\/www.ecuadoraldia.com.ec\/index.php?rest_route=\/wp\/v2\/posts\/7087"}],"collection":[{"href":"https:\/\/www.ecuadoraldia.com.ec\/index.php?rest_route=\/wp\/v2\/posts"}],"about":[{"href":"https:\/\/www.ecuadoraldia.com.ec\/index.php?rest_route=\/wp\/v2\/types\/post"}],"author":[{"embeddable":true,"href":"https:\/\/www.ecuadoraldia.com.ec\/index.php?rest_route=\/wp\/v2\/users\/1"}],"replies":[{"embeddable":true,"href":"https:\/\/www.ecuadoraldia.com.ec\/index.php?rest_route=%2Fwp%2Fv2%2Fcomments&post=7087"}],"version-history":[{"count":3,"href":"https:\/\/www.ecuadoraldia.com.ec\/index.php?rest_route=\/wp\/v2\/posts\/7087\/revisions"}],"predecessor-version":[{"id":7092,"href":"https:\/\/www.ecuadoraldia.com.ec\/index.php?rest_route=\/wp\/v2\/posts\/7087\/revisions\/7092"}],"wp:attachment":[{"href":"https:\/\/www.ecuadoraldia.com.ec\/index.php?rest_route=%2Fwp%2Fv2%2Fmedia&parent=7087"}],"wp:term":[{"taxonomy":"category","embeddable":true,"href":"https:\/\/www.ecuadoraldia.com.ec\/index.php?rest_route=%2Fwp%2Fv2%2Fcategories&post=7087"},{"taxonomy":"post_tag","embeddable":true,"href":"https:\/\/www.ecuadoraldia.com.ec\/index.php?rest_route=%2Fwp%2Fv2%2Ftags&post=7087"}],"curies":[{"name":"wp","href":"https:\/\/api.w.org\/{rel}","templated":true}]}}