{"id":7096,"date":"2015-01-14T17:01:03","date_gmt":"2015-01-14T17:01:03","guid":{"rendered":"http:\/\/www.ecuadoraldia.com.ec\/?p=7096"},"modified":"2015-01-14T17:01:03","modified_gmt":"2015-01-14T17:01:03","slug":"ministro-entrega-a-fiscalia-14-expedientes-de-policias-separados","status":"publish","type":"post","link":"https:\/\/www.ecuadoraldia.com.ec\/?p=7096","title":{"rendered":"Ministro entrega a Fiscal\u00eda 14 expedientes de polic\u00edas separados"},"content":{"rendered":"<p style=\"text-align: justify;\"><a href=\"http:\/\/www.ecuadoraldia.com.ec\/wp-content\/uploads\/2015\/01\/gobi.jpg\"><img loading=\"lazy\" decoding=\"async\" class=\"alignleft size-medium wp-image-7097\" src=\"http:\/\/www.ecuadoraldia.com.ec\/wp-content\/uploads\/2015\/01\/gobi-300x190.jpg\" alt=\"gobi\" width=\"300\" height=\"190\" srcset=\"https:\/\/www.ecuadoraldia.com.ec\/wp-content\/uploads\/2015\/01\/gobi-300x190.jpg 300w, https:\/\/www.ecuadoraldia.com.ec\/wp-content\/uploads\/2015\/01\/gobi.jpg 450w\" sizes=\"(max-width: 300px) 100vw, 300px\" \/><\/a>El fiscal general del Estado, Galo Chiriboga, expres\u00f3 este mi\u00e9rcoles su respaldo total al ministro del Interior, Jos\u00e9 Serrano, en la depuraci\u00f3n que lleva adelante en la Polic\u00eda Nacional, proceso que, seg\u00fan dijo, \u00abes necesario profundizar\u00bb.<\/p>\n<p style=\"text-align: justify;\">En una rueda de prensa conjunta, Serrano agradeci\u00f3 el apoyo del Fiscal General y le entreg\u00f3 14 expedientes de polic\u00edas separados de la instituci\u00f3n por su presunta vinculaci\u00f3n con casos de tr\u00e1fico droga, sicariato, asociaci\u00f3n il\u00edcita, asalto a blindados, entre otros delitos, para que se inicie la investigaci\u00f3n penal.<\/p>\n<p style=\"text-align: justify;\">\u00abSon casos que van m\u00e1s all\u00e1 de actos relacionados con la falta de idoneidad para cumplir labores policiales\u00bb, sostuvo Serrano al recalcar que \u00abno nos podemos dar el lujo\u00bb de que la ciudadan\u00eda tenga dudas del accionar de la Polic\u00eda, debido a estos malos elementos.<\/p>\n<p style=\"text-align: justify;\">El Ministro pidi\u00f3 a Chiriboga que el juzgamiento de estos casos se haga dentro del debido proceso, \u00aby dar tambi\u00e9n con la estructura que contamina nuestra instituci\u00f3n\u00bb.<\/p>\n<p style=\"text-align: justify;\">A\u00f1adi\u00f3 que hasta el momento 800 malos uniformados han sido desvinculados. Un segundo proceso de pruebas de confianza iniciaron el lunes en Esmeraldas, record\u00f3.<\/p>\n<p style=\"text-align: justify;\">Serrano explic\u00f3 que un equipo especial de contrainteligencia se encarga de evitar que los agentes separados sean atra\u00eddos por bandas criminales. (El tel\u00e9grafo)<\/p>\n","protected":false},"excerpt":{"rendered":"<p>El fiscal general del Estado, Galo Chiriboga, expres\u00f3 este mi\u00e9rcoles su respaldo total al ministro del Interior, Jos\u00e9 Serrano, en<\/p>\n","protected":false},"author":1,"featured_media":0,"comment_status":"open","ping_status":"open","sticky":false,"template":"","format":"standard","meta":{"footnotes":""},"categories":[5],"tags":[],"_links":{"self":[{"href":"https:\/\/www.ecuadoraldia.com.ec\/index.php?rest_route=\/wp\/v2\/posts\/7096"}],"collection":[{"href":"https:\/\/www.ecuadoraldia.com.ec\/index.php?rest_route=\/wp\/v2\/posts"}],"about":[{"href":"https:\/\/www.ecuadoraldia.com.ec\/index.php?rest_route=\/wp\/v2\/types\/post"}],"author":[{"embeddable":true,"href":"https:\/\/www.ecuadoraldia.com.ec\/index.php?rest_route=\/wp\/v2\/users\/1"}],"replies":[{"embeddable":true,"href":"https:\/\/www.ecuadoraldia.com.ec\/index.php?rest_route=%2Fwp%2Fv2%2Fcomments&post=7096"}],"version-history":[{"count":1,"href":"https:\/\/www.ecuadoraldia.com.ec\/index.php?rest_route=\/wp\/v2\/posts\/7096\/revisions"}],"predecessor-version":[{"id":7098,"href":"https:\/\/www.ecuadoraldia.com.ec\/index.php?rest_route=\/wp\/v2\/posts\/7096\/revisions\/7098"}],"wp:attachment":[{"href":"https:\/\/www.ecuadoraldia.com.ec\/index.php?rest_route=%2Fwp%2Fv2%2Fmedia&parent=7096"}],"wp:term":[{"taxonomy":"category","embeddable":true,"href":"https:\/\/www.ecuadoraldia.com.ec\/index.php?rest_route=%2Fwp%2Fv2%2Fcategories&post=7096"},{"taxonomy":"post_tag","embeddable":true,"href":"https:\/\/www.ecuadoraldia.com.ec\/index.php?rest_route=%2Fwp%2Fv2%2Ftags&post=7096"}],"curies":[{"name":"wp","href":"https:\/\/api.w.org\/{rel}","templated":true}]}}