{"id":7099,"date":"2015-01-14T17:14:59","date_gmt":"2015-01-14T17:14:59","guid":{"rendered":"http:\/\/www.ecuadoraldia.com.ec\/?p=7099"},"modified":"2015-01-14T17:14:59","modified_gmt":"2015-01-14T17:14:59","slug":"tripulacion-de-helicoptero-de-la-fae-salio-ilesa-de-accidente-en-la-represa-chongon","status":"publish","type":"post","link":"https:\/\/www.ecuadoraldia.com.ec\/?p=7099","title":{"rendered":"Tripulaci\u00f3n de helic\u00f3ptero de la FAE sali\u00f3 ilesa de accidente en la represa Chong\u00f3n"},"content":{"rendered":"<p style=\"text-align: justify;\"><a href=\"http:\/\/www.ecuadoraldia.com.ec\/wp-content\/uploads\/2015\/01\/heli.jpg\"><img loading=\"lazy\" decoding=\"async\" class=\"alignleft size-medium wp-image-7100\" src=\"http:\/\/www.ecuadoraldia.com.ec\/wp-content\/uploads\/2015\/01\/heli-300x155.jpg\" alt=\"heli\" width=\"300\" height=\"155\" srcset=\"https:\/\/www.ecuadoraldia.com.ec\/wp-content\/uploads\/2015\/01\/heli-300x155.jpg 300w, https:\/\/www.ecuadoraldia.com.ec\/wp-content\/uploads\/2015\/01\/heli.jpg 520w\" sizes=\"(max-width: 300px) 100vw, 300px\" \/><\/a>Guayaquil (Guayas).- Hoy, aproximadamente a las 16:45, el helic\u00f3ptero Dhruv de la Fuerza A\u00e9rea Ecuatoriana sufri\u00f3 un accidente en el sector de Chong\u00f3n, al suroeste de Guayaquil.<\/p>\n<p style=\"text-align: justify;\">Seg\u00fan bolet\u00edn de prensa de la Aviaci\u00f3n, el helic\u00f3ptero cumpl\u00eda una misi\u00f3n de entrenamiento. La tripulaci\u00f3n sali\u00f3 ilesa del accidente, sin embargo se encuentran todos bajo observaci\u00f3n m\u00e9dica.<\/p>\n<p style=\"text-align: justify;\">Por su parte, la Secretar\u00eda del Agua y la Empresa P\u00fablica del Agua encargadas de la operaci\u00f3n y mantenimiento del Embalse Chong\u00f3n, a trav\u00e9s de su p\u00e1gina web, lamentan el accidente a\u00e9reo ocurrido, en la represa.<\/p>\n<p style=\"text-align: justify;\">La entidad facilit\u00f3 el acceso para que los equipos de rescate lleguen al lugar. De manera inmediata se activ\u00f3 el protocolo que contempla el an\u00e1lisis permanente de la calidad del agua cruda; y se coordinar\u00e1 el retiro del helic\u00f3ptero con las autoridades correspondientes. \/ Senagua \u2013 El Ciudadano<\/p>\n","protected":false},"excerpt":{"rendered":"<p>Guayaquil (Guayas).- Hoy, aproximadamente a las 16:45, el helic\u00f3ptero Dhruv de la Fuerza A\u00e9rea Ecuatoriana sufri\u00f3 un accidente en el<\/p>\n","protected":false},"author":1,"featured_media":0,"comment_status":"open","ping_status":"open","sticky":false,"template":"","format":"standard","meta":{"footnotes":""},"categories":[1],"tags":[],"_links":{"self":[{"href":"https:\/\/www.ecuadoraldia.com.ec\/index.php?rest_route=\/wp\/v2\/posts\/7099"}],"collection":[{"href":"https:\/\/www.ecuadoraldia.com.ec\/index.php?rest_route=\/wp\/v2\/posts"}],"about":[{"href":"https:\/\/www.ecuadoraldia.com.ec\/index.php?rest_route=\/wp\/v2\/types\/post"}],"author":[{"embeddable":true,"href":"https:\/\/www.ecuadoraldia.com.ec\/index.php?rest_route=\/wp\/v2\/users\/1"}],"replies":[{"embeddable":true,"href":"https:\/\/www.ecuadoraldia.com.ec\/index.php?rest_route=%2Fwp%2Fv2%2Fcomments&post=7099"}],"version-history":[{"count":1,"href":"https:\/\/www.ecuadoraldia.com.ec\/index.php?rest_route=\/wp\/v2\/posts\/7099\/revisions"}],"predecessor-version":[{"id":7101,"href":"https:\/\/www.ecuadoraldia.com.ec\/index.php?rest_route=\/wp\/v2\/posts\/7099\/revisions\/7101"}],"wp:attachment":[{"href":"https:\/\/www.ecuadoraldia.com.ec\/index.php?rest_route=%2Fwp%2Fv2%2Fmedia&parent=7099"}],"wp:term":[{"taxonomy":"category","embeddable":true,"href":"https:\/\/www.ecuadoraldia.com.ec\/index.php?rest_route=%2Fwp%2Fv2%2Fcategories&post=7099"},{"taxonomy":"post_tag","embeddable":true,"href":"https:\/\/www.ecuadoraldia.com.ec\/index.php?rest_route=%2Fwp%2Fv2%2Ftags&post=7099"}],"curies":[{"name":"wp","href":"https:\/\/api.w.org\/{rel}","templated":true}]}}