{"id":7102,"date":"2015-01-15T12:47:53","date_gmt":"2015-01-15T12:47:53","guid":{"rendered":"http:\/\/www.ecuadoraldia.com.ec\/?p=7102"},"modified":"2015-01-15T12:47:53","modified_gmt":"2015-01-15T12:47:53","slug":"ecuatorianos-condujeron-las-mesas-del-foro-asia-pacifico","status":"publish","type":"post","link":"https:\/\/www.ecuadoraldia.com.ec\/?p=7102","title":{"rendered":"Ecuatorianos condujeron las mesas del Foro Asia Pac\u00edfico"},"content":{"rendered":"<p style=\"text-align: justify;\"><a href=\"http:\/\/www.ecuadoraldia.com.ec\/wp-content\/uploads\/2015\/01\/asiapacifico.jpg\"><img loading=\"lazy\" decoding=\"async\" class=\"alignleft size-medium wp-image-7103\" src=\"http:\/\/www.ecuadoraldia.com.ec\/wp-content\/uploads\/2015\/01\/asiapacifico-300x198.jpg\" alt=\"asiapacifico\" width=\"300\" height=\"198\" srcset=\"https:\/\/www.ecuadoraldia.com.ec\/wp-content\/uploads\/2015\/01\/asiapacifico-300x198.jpg 300w, https:\/\/www.ecuadoraldia.com.ec\/wp-content\/uploads\/2015\/01\/asiapacifico.jpg 450w\" sizes=\"(max-width: 300px) 100vw, 300px\" \/><\/a>En la Vig\u00e9simo Tercera Reuni\u00f3n del Foro Asia Pac\u00edfico se reunieron 10 comisiones para analizar temas de inter\u00e9s regional, orientados a alcanzar consensos en materia de derechos humanos.<\/p>\n<p style=\"text-align: justify;\">La delegaci\u00f3n ecuatoriana tuvo una activa participaci\u00f3n en la conducci\u00f3n y moderaci\u00f3n de cada una de ellas, as\u00ed como en la preparaci\u00f3n y aprobaci\u00f3n de resoluciones.<\/p>\n<p style=\"text-align: justify;\">En este marco, la mesa que analiz\u00f3 el terrorismo, extremismo y crimen organizado estuvo moderada por la primera vicepresidenta de la Asamblea Nacional, Rosana Alvarado; la de Salud por el legislador Willian Garz\u00f3n; la de Prevenci\u00f3n de desastres, por Marllely V\u00e1sconez; la de Comercio, Desarrollo y Cooperaci\u00f3n Econ\u00f3mica, por Ramiro Vela, y la de Espionaje, por Eduardo Zambrano.<\/p>\n<p style=\"text-align: justify;\">En la Mesa de Seguridad actu\u00f3 como moderador el parlamentario Gabriel Rivera; Nueva Arquitectura Financiera, la asamble\u00edsta Roc\u00edo Alb\u00e1n; Educaci\u00f3n, Cultura, Ciencia y Tecnolog\u00eda, el legislador Armando Aguilar; Derechos Sociales, Dora Aguirre.<\/p>\n<p style=\"text-align: justify;\">El presidente de la Comisi\u00f3n de Relaciones Internacionales, Fernando Bustamante, fue designado titular del Comit\u00e9 de Redacci\u00f3n del Foro Asia Pac\u00edfico. (El tel\u00e9grfo)<\/p>\n<p>&nbsp;<\/p>\n","protected":false},"excerpt":{"rendered":"<p>En la Vig\u00e9simo Tercera Reuni\u00f3n del Foro Asia Pac\u00edfico se reunieron 10 comisiones para analizar temas de inter\u00e9s regional, orientados<\/p>\n","protected":false},"author":1,"featured_media":0,"comment_status":"open","ping_status":"open","sticky":false,"template":"","format":"standard","meta":{"footnotes":""},"categories":[3],"tags":[],"_links":{"self":[{"href":"https:\/\/www.ecuadoraldia.com.ec\/index.php?rest_route=\/wp\/v2\/posts\/7102"}],"collection":[{"href":"https:\/\/www.ecuadoraldia.com.ec\/index.php?rest_route=\/wp\/v2\/posts"}],"about":[{"href":"https:\/\/www.ecuadoraldia.com.ec\/index.php?rest_route=\/wp\/v2\/types\/post"}],"author":[{"embeddable":true,"href":"https:\/\/www.ecuadoraldia.com.ec\/index.php?rest_route=\/wp\/v2\/users\/1"}],"replies":[{"embeddable":true,"href":"https:\/\/www.ecuadoraldia.com.ec\/index.php?rest_route=%2Fwp%2Fv2%2Fcomments&post=7102"}],"version-history":[{"count":1,"href":"https:\/\/www.ecuadoraldia.com.ec\/index.php?rest_route=\/wp\/v2\/posts\/7102\/revisions"}],"predecessor-version":[{"id":7104,"href":"https:\/\/www.ecuadoraldia.com.ec\/index.php?rest_route=\/wp\/v2\/posts\/7102\/revisions\/7104"}],"wp:attachment":[{"href":"https:\/\/www.ecuadoraldia.com.ec\/index.php?rest_route=%2Fwp%2Fv2%2Fmedia&parent=7102"}],"wp:term":[{"taxonomy":"category","embeddable":true,"href":"https:\/\/www.ecuadoraldia.com.ec\/index.php?rest_route=%2Fwp%2Fv2%2Fcategories&post=7102"},{"taxonomy":"post_tag","embeddable":true,"href":"https:\/\/www.ecuadoraldia.com.ec\/index.php?rest_route=%2Fwp%2Fv2%2Ftags&post=7102"}],"curies":[{"name":"wp","href":"https:\/\/api.w.org\/{rel}","templated":true}]}}