{"id":7105,"date":"2015-01-15T12:54:07","date_gmt":"2015-01-15T12:54:07","guid":{"rendered":"http:\/\/www.ecuadoraldia.com.ec\/?p=7105"},"modified":"2015-01-15T12:54:07","modified_gmt":"2015-01-15T12:54:07","slug":"ministerio-del-interior-confirma-que-joven-argentina-fue-arrollada-no-agredida","status":"publish","type":"post","link":"https:\/\/www.ecuadoraldia.com.ec\/?p=7105","title":{"rendered":"Ministerio del Interior confirma que joven argentina fue arrollada, no agredida"},"content":{"rendered":"<p style=\"text-align: justify;\"><a href=\"http:\/\/www.ecuadoraldia.com.ec\/wp-content\/uploads\/2015\/01\/ministro_del_interior_1.jpg\"><img loading=\"lazy\" decoding=\"async\" class=\"alignleft size-full wp-image-7106\" src=\"http:\/\/www.ecuadoraldia.com.ec\/wp-content\/uploads\/2015\/01\/ministro_del_interior_1.jpg\" alt=\"ministro_del_interior_1\" width=\"251\" height=\"261\" \/><\/a>Videos de vigilancia y el testimonio de un testigo esclarecieron las circunstancias en las result\u00f3 herida la argentina Ana Paula Ch., en hechos ocurridos el pasado 9 de enero en Portoviejo (Manab\u00ed). Con esta informaci\u00f3n se descart\u00f3 que la joven de 24 a\u00f1os hubiese sido atacada en acci\u00f3n violenta por desconocidos y se confirma que recibi\u00f3 oportunamente atenci\u00f3n por parte del sistema gubernamental de salud.<\/p>\n<p style=\"text-align: justify;\">Seg\u00fan c\u00e1maras de vigilancia del ECU-911, a las 12:59 del 9 de enero, en el sector de El Paseo Shopping de la capital manabita, se verifica el arrollamiento por motocicleta de una persona de sexo femenino, para entonces no identificada. Inmediatamente, el sistema de emergencias reporta la novedad a su red de atenci\u00f3n m\u00e9dica y policial.<\/p>\n<p style=\"text-align: justify;\">Protocolos de atenci\u00f3n inmediata<\/p>\n<p style=\"text-align: justify;\">Un informe t\u00e9cnico m\u00e9dico proporcionado por el Hospital Verdi Cevallos Balda indic\u00f3 que pasadas las 13:00, un minuto y 20 segundos despu\u00e9s de reportado el incidente, personal de ambulancia que circulaba por la zona de El Paseo Shopping reporta su llegada al sector del arrollamiento. En el primer instante se determina el estado de la paciente hallada en el pavimento: hemodin\u00e1micamente estable, aunque con escoriaciones, con reacciones de irritabilidad y agresiva con el personal param\u00e9dico. Con esta primera atenci\u00f3n es trasladada inmediatamente al centro de salud.<\/p>\n<p style=\"text-align: justify;\">La paciente es ingresada al servicio de Emergencia del Hospital Verdi Cevallos, siendo atendida por personal m\u00e9dico, que reporta una persona no identificada, con presencia de hematoma en la regi\u00f3n frontal izquierda. El diagn\u00f3stico es traumatismo craneoencef\u00e1lico moderado, por lo que se solicitan ex\u00e1menes de laboratorio y realizaci\u00f3n de tomograf\u00eda cerebral simple, adem\u00e1s de la medicaci\u00f3n respectiva.<\/p>\n<p style=\"text-align: justify;\">Ubicaci\u00f3n e identificaci\u00f3n<\/p>\n<p style=\"text-align: justify;\">Durante las siguientes 24 horas, la joven recibe atenci\u00f3n por personal de m\u00e9dicos residentes, neurocirujano, y de la Sala de Primera Acogida del hospital portovejense. Al tiempo, Polic\u00eda Nacional, a trav\u00e9s de Dinased y otras unidades iniciaron los protocolos de identificaci\u00f3n de la joven. En ese lapso, al hospital se acerca el ciudadano colombiano Andr\u00e9s J. C., quien se identifica como familiar (esposo) de la joven. Este es quien comunica a sus familiares, en Argentina.<\/p>\n<p style=\"text-align: justify;\">Durante la ma\u00f1ana del 11 de enero, personal m\u00e9dico del Hospital Verdi Cevallos dispone el traslado de la joven hacia el hospital Luis Vernaza, en Guayaquil, a trav\u00e9s del ECU-911. Esta decisi\u00f3n se tom\u00f3 para asegurar una mejor atenci\u00f3n de la v\u00edctima, de acuerdo a su estado.<\/p>\n<p style=\"text-align: justify;\">Responsable y detalle de atenci\u00f3n<\/p>\n<p style=\"text-align: justify;\">Con el aporte de las c\u00e1maras de videovigilancia del ECU-911, la Polic\u00eda Nacional logr\u00f3 la identificaci\u00f3n de la motocicleta causante del accidente, por lo que se espera que en las pr\u00f3ximas horas se logre la detenci\u00f3n del presunto responsable.<\/p>\n<p style=\"text-align: justify;\">Con esta informaci\u00f3n se determin\u00f3 la cronolog\u00eda del incidente y la posterior atenci\u00f3n a la paciente:<\/p>\n<p style=\"text-align: justify;\">&#8211; 13,00,57\u201d.- La circulaci\u00f3n de una moto tipo enduro de color negra con un individuo a bordo con camiseta color negra con franjas blancas en la parte del pecho y con casco color blanco en circulaci\u00f3n sentido sur \u2013 norte v\u00eda a Manta por la Avenida 15 de Abril, caminando entre los veh\u00edculos que se encuentran estacionados por el sem\u00e1foro en rojo una persona con vestimenta negra hacia el costado izquierdo de la calzada con direcci\u00f3n a la acera.<\/p>\n<p style=\"text-align: justify;\">&#8211; 13.02,20\u201d.- Momentos en que la c\u00e1mara n\u00famero 20 ubicada entre la Av. 15 de Abril y Av. Metropolitana enfoc\u00f3 a la una persona tendida en el calzada, la misma que estaba en un tumulto de gente quienes ped\u00edan auxilio.<\/p>\n<p style=\"text-align: justify;\">&#8211; 13.03,00\u201d.- La c\u00e1mara enfoca nuevamente donde se visualiza una ambulancia con un logo tipo Santa Ana.<\/p>\n<p style=\"text-align: justify;\">&#8211; 13.05,00\u201d.- Se observa la llegada de un patrullero de donde dos funcionarios policiales verifican la novedad.<\/p>\n<p style=\"text-align: justify;\">Del caso tom\u00f3 conocimiento el Ministerio del Interior. El titular de esta cartera de Estado, Jos\u00e9 Serrano, visit\u00f3 personalmente a la joven argentina, disponiendo que se asegure atenci\u00f3n integral de la paciente y sus familiares llegados desde Argentina, mientras se recupera del accidente.<\/p>\n<p style=\"text-align: justify;\">Para este jueves, se prev\u00e9 que personal policial tome contacte con el padre de la joven para entregarle un informe detallado de la investigaci\u00f3n y los procedimientos implementados por entidades gubernamentales una vez conocido el incidente. (El tel\u00e9grfo)<\/p>\n","protected":false},"excerpt":{"rendered":"<p>Videos de vigilancia y el testimonio de un testigo esclarecieron las circunstancias en las result\u00f3 herida la argentina Ana Paula<\/p>\n","protected":false},"author":1,"featured_media":0,"comment_status":"open","ping_status":"open","sticky":false,"template":"","format":"standard","meta":{"footnotes":""},"categories":[5],"tags":[],"_links":{"self":[{"href":"https:\/\/www.ecuadoraldia.com.ec\/index.php?rest_route=\/wp\/v2\/posts\/7105"}],"collection":[{"href":"https:\/\/www.ecuadoraldia.com.ec\/index.php?rest_route=\/wp\/v2\/posts"}],"about":[{"href":"https:\/\/www.ecuadoraldia.com.ec\/index.php?rest_route=\/wp\/v2\/types\/post"}],"author":[{"embeddable":true,"href":"https:\/\/www.ecuadoraldia.com.ec\/index.php?rest_route=\/wp\/v2\/users\/1"}],"replies":[{"embeddable":true,"href":"https:\/\/www.ecuadoraldia.com.ec\/index.php?rest_route=%2Fwp%2Fv2%2Fcomments&post=7105"}],"version-history":[{"count":1,"href":"https:\/\/www.ecuadoraldia.com.ec\/index.php?rest_route=\/wp\/v2\/posts\/7105\/revisions"}],"predecessor-version":[{"id":7107,"href":"https:\/\/www.ecuadoraldia.com.ec\/index.php?rest_route=\/wp\/v2\/posts\/7105\/revisions\/7107"}],"wp:attachment":[{"href":"https:\/\/www.ecuadoraldia.com.ec\/index.php?rest_route=%2Fwp%2Fv2%2Fmedia&parent=7105"}],"wp:term":[{"taxonomy":"category","embeddable":true,"href":"https:\/\/www.ecuadoraldia.com.ec\/index.php?rest_route=%2Fwp%2Fv2%2Fcategories&post=7105"},{"taxonomy":"post_tag","embeddable":true,"href":"https:\/\/www.ecuadoraldia.com.ec\/index.php?rest_route=%2Fwp%2Fv2%2Ftags&post=7105"}],"curies":[{"name":"wp","href":"https:\/\/api.w.org\/{rel}","templated":true}]}}