{"id":7108,"date":"2015-01-15T12:55:26","date_gmt":"2015-01-15T12:55:26","guid":{"rendered":"http:\/\/www.ecuadoraldia.com.ec\/?p=7108"},"modified":"2015-01-15T12:55:26","modified_gmt":"2015-01-15T12:55:26","slug":"salvaguardia-entre-colombia-y-ecuador-se-decidira-en-11-dias","status":"publish","type":"post","link":"https:\/\/www.ecuadoraldia.com.ec\/?p=7108","title":{"rendered":"Salvaguardia entre Colombia y Ecuador se decidir\u00e1 en 11 d\u00edas"},"content":{"rendered":"<p style=\"text-align: justify;\"><a href=\"http:\/\/www.ecuadoraldia.com.ec\/wp-content\/uploads\/2015\/01\/Francisco-Rivadeneira_.jpg\"><img loading=\"lazy\" decoding=\"async\" class=\"alignleft size-medium wp-image-7109\" src=\"http:\/\/www.ecuadoraldia.com.ec\/wp-content\/uploads\/2015\/01\/Francisco-Rivadeneira_-300x198.jpg\" alt=\"-Francisco-Rivadeneira_\" width=\"300\" height=\"198\" srcset=\"https:\/\/www.ecuadoraldia.com.ec\/wp-content\/uploads\/2015\/01\/Francisco-Rivadeneira_-300x198.jpg 300w, https:\/\/www.ecuadoraldia.com.ec\/wp-content\/uploads\/2015\/01\/Francisco-Rivadeneira_.jpg 450w\" sizes=\"(max-width: 300px) 100vw, 300px\" \/><\/a>Diez horas dur\u00f3 la reuni\u00f3n entre los ministros de Comercio Exterior de Ecuador, Francisco Rivadeneira (foto), y de Colombia, Cecilia \u00c1lvarez\u2013 Correa, en la que se discuti\u00f3 la decisi\u00f3n ecuatoriana de establecer una salvaguardia del 21% a los productos colombianos, de acuerdo con la resoluci\u00f3n establecida por el Comit\u00e9 de Comercio Exterior (Comex) a finales del a\u00f1o pasado.<\/p>\n<p style=\"text-align: justify;\">Los di\u00e1logos llevaron a una declaraci\u00f3n conjunta de las dos autoridades, en la que dieron a conocer que una decisi\u00f3n final sobre si se reduce el porcentaje de los aranceles establecidos por Ecuador se conocer\u00e1 hasta el pr\u00f3ximo 26 de enero, luego de que se re\u00fanan los Consejos Superiores de Comercio Exterior de ambos pa\u00edses.<\/p>\n<p style=\"text-align: justify;\">Francisco Rivadeneira indic\u00f3 que los organismos de comercio exterior deber\u00e1n tomar una decisi\u00f3n sobre los planteamientos hechos durante la reuni\u00f3n mantenida en Quito, los cuales constan en el documento que se firm\u00f3 entre las partes. El comunicado conjunto contiene 5 puntos:<\/p>\n<p style=\"text-align: justify;\">1.- Ecuador plante\u00f3 la posibilidad de disminuir el nivel de la salvaguardia cambiaria hasta el 17,4%. Los criterios aplicados para las salvaguardias ser\u00edan revisados dentro del siguiente mes. Por su parte Colombia plante\u00f3 disminuir la salvaguardia cambiaria a un 7%, igual a la elevaci\u00f3n real del a\u00f1o 2014.<\/p>\n<p style=\"text-align: justify;\">2.- Las delegaciones propusieron excluir de la salvaguardia cambiaria a las materias primas, insumos y bienes de capital, seg\u00fan la clasificaci\u00f3n internacional que define estas subpartidas.<\/p>\n<p style=\"text-align: justify;\">3.- Realizar una adenda al Acuerdo de reconocimiento mutuo para el tema de normas t\u00e9cnicas. Para este efecto, los viceministros de Comercio de ambos pa\u00edses se reunir\u00e1n la semana del 19 de enero de 2015 y llevar\u00e1n un acuerdo para firmar a nivel ministerial a m\u00e1s tardar en tres semanas a partir de la fecha.<\/p>\n<p style=\"text-align: justify;\">4.- Las delegaciones propusieron la apertura de un contingente de arroz pilado por parte de Colombia, por un volumen de 80.000 toneladas para todo el 2015.<\/p>\n<p style=\"text-align: justify;\">5.- Las partes acordaron trabajar en aumentar las exportaciones de Ecuador a Colombia, a fin de apoyar el equilibrio y la complementariedad de la relaci\u00f3n comercial.<\/p>\n<p style=\"text-align: justify;\">La aprobaci\u00f3n de estas medidas recaer\u00e1 en el Consejo Superior de Comercio Exterior de Colombia y del Consejo de Comercio Exterior del Ecuador, quienes deber\u00e1n emitir su pronunciamiento a m\u00e1s tardar el 26 de enero.<\/p>\n<p style=\"text-align: justify;\">El ministro Rivadeneira, previo a hacer p\u00fablica la declaratoria, asegur\u00f3 que el proceso de di\u00e1logo fue complejo, ha demandado una larga conversaci\u00f3n entre las dos partes, pero que lo discutido ha sido positivo y se ha logrado un acuerdo que es ganar\u2013ganar y que conviene a todos.<\/p>\n<p style=\"text-align: justify;\">De su parte la Secretaria de Estado de Colombia indic\u00f3 que las 10 horas de trabajo han sido intensas, en donde se consideraron las circunstancias que rodean la pol\u00edtica econ\u00f3mica mundial que afecta a Ecuador y Colombia, y sabiendo tambi\u00e9n las circunstancias especiales para nuestro pa\u00eds. \u201cCon el \u00e1nimo de llegar a un acuerdo se han trabajado varios puntos como son el tema de las salvaguardias, otros temas de materias primas, de bienes de capital, el de normas t\u00e9cnicas, entre otras, pero ha sido un trabajo con el mejor \u00e1nimo como le asiste a ambos pa\u00edses\u201d, dijo.<\/p>\n<p style=\"text-align: justify;\">La funcionaria aclar\u00f3 que mientras se toma una decisi\u00f3n sobre los puntos de la declaratoria, el cobro de la salvaguardia establecida por el Ecuador del 21% a los productos colombianos continuar\u00e1 aplic\u00e1ndose. (El tel\u00e9grfo)<\/p>\n","protected":false},"excerpt":{"rendered":"<p>Diez horas dur\u00f3 la reuni\u00f3n entre los ministros de Comercio Exterior de Ecuador, Francisco Rivadeneira (foto), y de Colombia, Cecilia<\/p>\n","protected":false},"author":1,"featured_media":0,"comment_status":"open","ping_status":"open","sticky":false,"template":"","format":"standard","meta":{"footnotes":""},"categories":[9,1],"tags":[],"_links":{"self":[{"href":"https:\/\/www.ecuadoraldia.com.ec\/index.php?rest_route=\/wp\/v2\/posts\/7108"}],"collection":[{"href":"https:\/\/www.ecuadoraldia.com.ec\/index.php?rest_route=\/wp\/v2\/posts"}],"about":[{"href":"https:\/\/www.ecuadoraldia.com.ec\/index.php?rest_route=\/wp\/v2\/types\/post"}],"author":[{"embeddable":true,"href":"https:\/\/www.ecuadoraldia.com.ec\/index.php?rest_route=\/wp\/v2\/users\/1"}],"replies":[{"embeddable":true,"href":"https:\/\/www.ecuadoraldia.com.ec\/index.php?rest_route=%2Fwp%2Fv2%2Fcomments&post=7108"}],"version-history":[{"count":1,"href":"https:\/\/www.ecuadoraldia.com.ec\/index.php?rest_route=\/wp\/v2\/posts\/7108\/revisions"}],"predecessor-version":[{"id":7110,"href":"https:\/\/www.ecuadoraldia.com.ec\/index.php?rest_route=\/wp\/v2\/posts\/7108\/revisions\/7110"}],"wp:attachment":[{"href":"https:\/\/www.ecuadoraldia.com.ec\/index.php?rest_route=%2Fwp%2Fv2%2Fmedia&parent=7108"}],"wp:term":[{"taxonomy":"category","embeddable":true,"href":"https:\/\/www.ecuadoraldia.com.ec\/index.php?rest_route=%2Fwp%2Fv2%2Fcategories&post=7108"},{"taxonomy":"post_tag","embeddable":true,"href":"https:\/\/www.ecuadoraldia.com.ec\/index.php?rest_route=%2Fwp%2Fv2%2Ftags&post=7108"}],"curies":[{"name":"wp","href":"https:\/\/api.w.org\/{rel}","templated":true}]}}