{"id":7132,"date":"2015-01-15T19:07:04","date_gmt":"2015-01-15T19:07:04","guid":{"rendered":"http:\/\/www.ecuadoraldia.com.ec\/?p=7132"},"modified":"2015-01-15T19:07:04","modified_gmt":"2015-01-15T19:07:04","slug":"el-comercio-confirma-que-telglovision-es-propietaria-del-944-de-sus-acciones","status":"publish","type":"post","link":"https:\/\/www.ecuadoraldia.com.ec\/?p=7132","title":{"rendered":"El Comercio confirma que Telglovisi\u00f3n es propietaria del 94,4% de sus acciones"},"content":{"rendered":"<p style=\"text-align: justify;\"><a href=\"http:\/\/www.ecuadoraldia.com.ec\/wp-content\/uploads\/2015\/01\/El-Comercio.jpg\"><img loading=\"lazy\" decoding=\"async\" class=\"alignleft size-medium wp-image-7133\" src=\"http:\/\/www.ecuadoraldia.com.ec\/wp-content\/uploads\/2015\/01\/El-Comercio-300x192.jpg\" alt=\"-El-Comercio\" width=\"300\" height=\"192\" srcset=\"https:\/\/www.ecuadoraldia.com.ec\/wp-content\/uploads\/2015\/01\/El-Comercio-300x192.jpg 300w, https:\/\/www.ecuadoraldia.com.ec\/wp-content\/uploads\/2015\/01\/El-Comercio.jpg 450w\" sizes=\"(max-width: 300px) 100vw, 300px\" \/><\/a>Grupo El Comercio confirm\u00f3 que la empresa Telecomunicaciones Globales de Entretenimiento Televisivo (Telglovisi\u00f3n S.A.) adquiri\u00f3 el 94,4% de sus acciones y se\u00f1al\u00f3 que mantendr\u00e1 \u00abla trayectoria de apego a las necesidades informativas de la comunidad\u00bb.<\/p>\n<p style=\"text-align: justify;\">En un comunicado a sus lectores y anunciantes, publicado en la p\u00e1gina web de Diario El Comercio, se\u00f1ala que el proceso de adquisici\u00f3n del grupo concluy\u00f3 el 12 de enero de 2015 y que cumpli\u00f3 \u00abtodos los protocolos legales vigentes en Ecuador\u00bb.<\/p>\n<p style=\"text-align: justify;\">\u00abEl Comercio fue fundado el 1 de enero de 1906 como un diario nacional independiente y a lo largo del tiempo ha desarrollado productos como el diario \u00daltimas Noticias, las radios Quito y Platinum, las revistas Familia, L\u00edderes y Carburando, as\u00ed como varias publicaciones de car\u00e1cter regional\u00bb, recuerda en el comunicado.<\/p>\n<p style=\"text-align: justify;\">\u00abEn los \u00faltimos a\u00f1os, la organizaci\u00f3n viene trabajando en el desarrollo de contenidos multiplataforma, como parte de los cambios que caracterizan a la industria contempor\u00e1nea de la comunicaci\u00f3n. La trayectoria de apego del Grupo El Comercio a las necesidades informativas de la comunidad se mantendr\u00e1 y se impulsar\u00e1 en esta nueva etapa, con base en sus experimentados equipos profesionales\u00bb, a\u00f1ade.<\/p>\n<p style=\"text-align: justify;\">La transacci\u00f3n fue registrada ante la Superintendencia de Compa\u00f1\u00edas, donde consta que fue por un monto total de $15&#8217;487.040.<\/p>\n","protected":false},"excerpt":{"rendered":"<p>Grupo El Comercio confirm\u00f3 que la empresa Telecomunicaciones Globales de Entretenimiento Televisivo (Telglovisi\u00f3n S.A.) adquiri\u00f3 el 94,4% de sus acciones<\/p>\n","protected":false},"author":1,"featured_media":0,"comment_status":"open","ping_status":"open","sticky":false,"template":"","format":"standard","meta":{"footnotes":""},"categories":[4],"tags":[],"_links":{"self":[{"href":"https:\/\/www.ecuadoraldia.com.ec\/index.php?rest_route=\/wp\/v2\/posts\/7132"}],"collection":[{"href":"https:\/\/www.ecuadoraldia.com.ec\/index.php?rest_route=\/wp\/v2\/posts"}],"about":[{"href":"https:\/\/www.ecuadoraldia.com.ec\/index.php?rest_route=\/wp\/v2\/types\/post"}],"author":[{"embeddable":true,"href":"https:\/\/www.ecuadoraldia.com.ec\/index.php?rest_route=\/wp\/v2\/users\/1"}],"replies":[{"embeddable":true,"href":"https:\/\/www.ecuadoraldia.com.ec\/index.php?rest_route=%2Fwp%2Fv2%2Fcomments&post=7132"}],"version-history":[{"count":1,"href":"https:\/\/www.ecuadoraldia.com.ec\/index.php?rest_route=\/wp\/v2\/posts\/7132\/revisions"}],"predecessor-version":[{"id":7134,"href":"https:\/\/www.ecuadoraldia.com.ec\/index.php?rest_route=\/wp\/v2\/posts\/7132\/revisions\/7134"}],"wp:attachment":[{"href":"https:\/\/www.ecuadoraldia.com.ec\/index.php?rest_route=%2Fwp%2Fv2%2Fmedia&parent=7132"}],"wp:term":[{"taxonomy":"category","embeddable":true,"href":"https:\/\/www.ecuadoraldia.com.ec\/index.php?rest_route=%2Fwp%2Fv2%2Fcategories&post=7132"},{"taxonomy":"post_tag","embeddable":true,"href":"https:\/\/www.ecuadoraldia.com.ec\/index.php?rest_route=%2Fwp%2Fv2%2Ftags&post=7132"}],"curies":[{"name":"wp","href":"https:\/\/api.w.org\/{rel}","templated":true}]}}