{"id":7135,"date":"2015-01-19T12:29:16","date_gmt":"2015-01-19T12:29:16","guid":{"rendered":"http:\/\/www.ecuadoraldia.com.ec\/?p=7135"},"modified":"2015-01-19T12:30:50","modified_gmt":"2015-01-19T12:30:50","slug":"febrero-sera-un-mes-clave-para-resolver-limites-internos-del-pais","status":"publish","type":"post","link":"https:\/\/www.ecuadoraldia.com.ec\/?p=7135","title":{"rendered":"Febrero ser\u00e1 un mes clave para resolver l\u00edmites internos del pa\u00eds"},"content":{"rendered":"<p style=\"text-align: justify;\"><a href=\"http:\/\/www.ecuadoraldia.com.ec\/wp-content\/uploads\/2015\/01\/limites.jpg\"><img loading=\"lazy\" decoding=\"async\" class=\"alignleft size-medium wp-image-7136\" src=\"http:\/\/www.ecuadoraldia.com.ec\/wp-content\/uploads\/2015\/01\/limites-300x141.jpg\" alt=\"limites\" width=\"300\" height=\"141\" srcset=\"https:\/\/www.ecuadoraldia.com.ec\/wp-content\/uploads\/2015\/01\/limites-300x141.jpg 300w, https:\/\/www.ecuadoraldia.com.ec\/wp-content\/uploads\/2015\/01\/limites.jpg 450w\" sizes=\"(max-width: 300px) 100vw, 300px\" \/><\/a>Los gobiernos locales del pa\u00eds est\u00e1n trabajando contra el reloj para resolver los conflictos lim\u00edtrofes de sus jurisdicciones. La Ley de L\u00edmites prev\u00e9 como plazo m\u00e1ximo hasta el 15 de abril para que todo est\u00e9 resuelto. El organismo encargado de brindar asistencia a los gobiernos locales en esta cuesti\u00f3n es el Comit\u00e9 Nacional de L\u00edmites Internos (Conali), que reemplaz\u00f3 a la Comisi\u00f3n de L\u00edmites Internos de la Rep\u00fablica (Celir). La entidad identific\u00f3 hasta el a\u00f1o pasado 768 conflictos territoriales que se dividen as\u00ed: 22 interprovinciales, 175 cantonales y 571 parroquiales.<\/p>\n<p style=\"text-align: justify;\">Ya existen avances y en el Conali hay registros de un acuerdo de l\u00edmites entre Loja y Azuay, otro entre Chimborazo y Bol\u00edvar, as\u00ed como entre Cotopaxi y Tungurahua. Hay otros anunciados por los prefectos, pero a\u00fan no son notificados oficialmente.<\/p>\n<p style=\"text-align: justify;\">Ra\u00fal Mu\u00f1oz, titular de la Conali, aclar\u00f3 que hay unas provincias que registran grandes progresos como \u201cPichincha y Cotopaxi que han avanzado en alrededor de un 80%, pero a\u00fan est\u00e1n en marcha\u201d.<\/p>\n<p style=\"text-align: justify;\">Otro diferendo que est\u00e1 pr\u00f3ximo a resolverse, aunque todav\u00eda no ha sido registrado oficialmente ante la Conali es el acuerdo amistoso al que llegaron Ca\u00f1ar, Azuay y Morona Santiago. Mu\u00f1oz detall\u00f3 que de este caso solo sabe lo que trascendi\u00f3 en la prensa.<\/p>\n<p style=\"text-align: justify;\">El prefecto de Ca\u00f1ar, Santiago Correa, explic\u00f3 que el pasado viernes se firm\u00f3 un acuerdo con Azuay y Morona Santiago con el cual se cerraron definitivamente las fronteras. Entre Ca\u00f1ar y Azuay estaban en indefinici\u00f3n cerca de 100 kil\u00f3metros. Correa enfatiz\u00f3 que no exist\u00edan problemas mayores porque jam\u00e1s hubo una disputa de territorios o la pretensi\u00f3n de expandir el territorio.<\/p>\n<p style=\"text-align: justify;\">En ese caso estaban involucradas 3 poblaciones. Correa detall\u00f3 que una es la meseta Pachamama, que se dividi\u00f3 y as\u00ed fue con los otros territorios. La divisi\u00f3n se hizo sin problemas.<\/p>\n<p style=\"text-align: justify;\">En Ca\u00f1ar el problema m\u00e1s grande es con Chimborazo, con el que disputa 65.000 hect\u00e1reas de terreno, y otro menor con Guayas. En el segundo caso se realiz\u00f3 una reuni\u00f3n entre representantes de las comisiones de l\u00edmites de ambas provincias y se tiene previsto que la pr\u00f3xima semana los funcionarios de Ca\u00f1ar se re\u00fanan en Guayas para llegar a un acuerdo amistoso o para dar paso a los mecanismos previstos en la ley para la resoluci\u00f3n de conflictos, como es el arbitraje.<\/p>\n<p style=\"text-align: justify;\">En este caso est\u00e1 en juego la zona conocida como El Piedrero y Pancho Negro. Xavier Sandoval, titular de la Comisi\u00f3n de L\u00edmites de Guayas, explic\u00f3 que la pr\u00f3xima semana se podr\u00eda iniciar el proceso de negociaci\u00f3n directa y, m\u00e1ximo en 30 d\u00edas, si todo transcurre seg\u00fan lo planificado habr\u00eda una resoluci\u00f3n.<\/p>\n<p style=\"text-align: justify;\">\u201cEn el caso de El Piedrero nosotros tenemos suficientes fundamentos respecto de los derechos territoriales de ese sector\u201d, indic\u00f3 Sandoval.<\/p>\n<p style=\"text-align: justify;\">Pero este no es el \u00fanico proceso que tiene Guayas, puesto que es la provincia con m\u00e1s problemas. Por ejemplo en el caso de Los R\u00edos, Sandoval explic\u00f3 que la pr\u00f3xima semana los prefectos de ambas jurisdicciones firmar\u00edan el acuerdo amistoso para definir los l\u00edmites en 3 tramos de los 4 que est\u00e1n en conflicto. Estos son: La Habana &#8211; La Palma, Samborond\u00f3n &#8211; Jujan &#8211; Babahoyo y el \u00faltimo, que para Guayas est\u00e1 bien definido, entre San Jos\u00e9 &#8211; San Agust\u00edn, tambi\u00e9n en la frontera entre Babahoyo y Jujan. Con Los R\u00edos solo quedar\u00eda pendiente la zona conocida como Matilde Esther, en donde a\u00fan no se establece el mecanismo como se resolver\u00edan los l\u00edmites.<\/p>\n<p style=\"text-align: justify;\">Otro tr\u00e1mite se realiza con la provincia de Bol\u00edvar. En este caso los di\u00e1logos est\u00e1n m\u00e1s avanzados. Ya hay una propuesta por parte de Bol\u00edvar y Guayas entregar\u00e1 la suya para de all\u00ed llegar a un acuerdo.<\/p>\n<p style=\"text-align: justify;\">Uno de los inconvenientes m\u00e1s complicados en el pa\u00eds es el de Guayas con Manab\u00ed y con Azuay. En el primer caso la zona que causa conflicto es la Manga del Cura. En este caso Sandoval explic\u00f3 que no hubo la posibilidad de llegar a un acuerdo amistoso por el rechazo de las autoridades manabitas, pero s\u00ed se procurar\u00e1 resolver los otros 3 sectores en conflicto. \u201cEsto depende de la voluntad pol\u00edtica que exista\u201d, enfatiz\u00f3 el funcionario.<\/p>\n<p style=\"text-align: justify;\">La pertenencia de Manga del Cura se definir\u00eda a trav\u00e9s de consulta popular. Esa es la tesis de las autoridades manabitas, pero convocar a una consulta es competencia del Presidente de la Rep\u00fablica y eso solo se podr\u00e1 hacer luego de abril.<\/p>\n<p style=\"text-align: justify;\">Sin duda, uno de los casos m\u00e1s conflictivos es el registrado entre Azuay y Guayas por la comunidad Abd\u00f3n Calder\u00f3n. Este es el \u00fanico sitio del pa\u00eds donde han acontecido hechos de violencia por los l\u00edmites internos.<\/p>\n<p style=\"text-align: justify;\">Ambos prefectos han dicho que en este sitio lo m\u00e1s viable es la consulta popular y as\u00ed tambi\u00e9n lo quieren los habitantes de all\u00ed.<\/p>\n<p style=\"text-align: justify;\">Pero este no es el \u00fanico tramo en conflicto entre ambas provincias, pues son m\u00e1s de 600 kil\u00f3metros en los cuales ya habr\u00eda un acuerdo.<\/p>\n<p style=\"text-align: justify;\">El pasado jueves Jimmy Jairala (Guayas) y Pa\u00fal Carrasco (Azuay) se reunieron para concretar ciertos detalles. Se prev\u00e9 que en las pr\u00f3ximas semanas se firme un acuerdo que ponga fin a las controversias lim\u00edtrofes.<\/p>\n<p style=\"text-align: justify;\">\u201cHemos cumplido una agenda basada fundamentalmente en la revisi\u00f3n de los avances de la comisi\u00f3n t\u00e9cnica para definir cu\u00e1les son los puntos georreferenciados en toda la l\u00ednea lim\u00edtrofe y en el preacuerdo\u201d, dijo Jairala.<\/p>\n<p style=\"text-align: justify;\">\u201cHay 2 cosas que debemos recordar: la primera, que ambos prefectos tenemos la decisi\u00f3n pol\u00edtica de dar por cerradas nuestras fronteras. Terminar esta controversia que data ya de tantos a\u00f1os. Y segundo, que estamos a las puertas de poner fin a una controversia tambi\u00e9n que es la m\u00e1s grande en kil\u00f3metros cuadrados de Ecuador. Son 609 km cuadrados que han mantenido en discordia a pueblos hermanos como Azuay y Guayas en los \u00faltimos a\u00f1os\u201d, explic\u00f3.<\/p>\n<p style=\"text-align: justify;\">Pero como las indefiniciones no son solo provinciales sino tambi\u00e9n intercantonales son los prefectos quienes tienen la \u00faltima palabra en estos casos, si es que los burgomaestres no se ponen de acuerdo.<br \/>\nUno de los casos que desde el a\u00f1o pasado est\u00e1 casi resuelto es el de Salitre con Vinces. El alcalde salitre\u00f1o, Francisco Le\u00f3n, anunci\u00f3 hace algunos meses que lleg\u00f3 a un acuerdo con su similar de Vinces por dos recintos disputados. Y lo mismo se tiene previsto hacer con Daule.<\/p>\n<p style=\"text-align: justify;\">Seg\u00fan el titular de la Conali una de las provincias que ha avanzado r\u00e1pidamente con la definici\u00f3n de sus l\u00edmites intercantonales es Manab\u00ed. Como avanzan las cosas, febrero ser\u00e1 un mes decisivo, la aspiraci\u00f3n es que la gran mayor\u00eda de los conflictos se resuelva hasta abril. El funcionario detall\u00f3 que en casi todos los casos los prefectos y alcaldes est\u00e1n priorizando la resoluci\u00f3n amistosa.<\/p>\n<p style=\"text-align: justify;\">El titular de la Conali explic\u00f3 que est\u00e1n brindando la asistencia t\u00e9cnica necesaria a los gobiernos aut\u00f3nomos descentralizados para cumplir con los requerimientos que establecen la ley.<br \/>\nMu\u00f1oz explic\u00f3 que en los pr\u00f3ximos d\u00edas tienen previsto emitir un corte detallando los procesos que se han cerrado y los que faltan por concretarse.\u00a0(Tel\u00e9grafo)<\/p>\n","protected":false},"excerpt":{"rendered":"<p>Los gobiernos locales del pa\u00eds est\u00e1n trabajando contra el reloj para resolver los conflictos lim\u00edtrofes de sus jurisdicciones. La Ley<\/p>\n","protected":false},"author":1,"featured_media":0,"comment_status":"open","ping_status":"open","sticky":false,"template":"","format":"standard","meta":{"footnotes":""},"categories":[11,3],"tags":[],"_links":{"self":[{"href":"https:\/\/www.ecuadoraldia.com.ec\/index.php?rest_route=\/wp\/v2\/posts\/7135"}],"collection":[{"href":"https:\/\/www.ecuadoraldia.com.ec\/index.php?rest_route=\/wp\/v2\/posts"}],"about":[{"href":"https:\/\/www.ecuadoraldia.com.ec\/index.php?rest_route=\/wp\/v2\/types\/post"}],"author":[{"embeddable":true,"href":"https:\/\/www.ecuadoraldia.com.ec\/index.php?rest_route=\/wp\/v2\/users\/1"}],"replies":[{"embeddable":true,"href":"https:\/\/www.ecuadoraldia.com.ec\/index.php?rest_route=%2Fwp%2Fv2%2Fcomments&post=7135"}],"version-history":[{"count":2,"href":"https:\/\/www.ecuadoraldia.com.ec\/index.php?rest_route=\/wp\/v2\/posts\/7135\/revisions"}],"predecessor-version":[{"id":7138,"href":"https:\/\/www.ecuadoraldia.com.ec\/index.php?rest_route=\/wp\/v2\/posts\/7135\/revisions\/7138"}],"wp:attachment":[{"href":"https:\/\/www.ecuadoraldia.com.ec\/index.php?rest_route=%2Fwp%2Fv2%2Fmedia&parent=7135"}],"wp:term":[{"taxonomy":"category","embeddable":true,"href":"https:\/\/www.ecuadoraldia.com.ec\/index.php?rest_route=%2Fwp%2Fv2%2Fcategories&post=7135"},{"taxonomy":"post_tag","embeddable":true,"href":"https:\/\/www.ecuadoraldia.com.ec\/index.php?rest_route=%2Fwp%2Fv2%2Ftags&post=7135"}],"curies":[{"name":"wp","href":"https:\/\/api.w.org\/{rel}","templated":true}]}}