{"id":7142,"date":"2015-01-19T12:36:56","date_gmt":"2015-01-19T12:36:56","guid":{"rendered":"http:\/\/www.ecuadoraldia.com.ec\/?p=7142"},"modified":"2015-01-19T12:36:56","modified_gmt":"2015-01-19T12:36:56","slug":"la-temporada-invernal-empieza-a-sentirse-con-fuerza-en-varias-provincias-del-pais","status":"publish","type":"post","link":"https:\/\/www.ecuadoraldia.com.ec\/?p=7142","title":{"rendered":"La temporada invernal empieza a sentirse con fuerza en varias provincias del pa\u00eds."},"content":{"rendered":"<p style=\"text-align: justify;\"><a href=\"http:\/\/www.ecuadoraldia.com.ec\/wp-content\/uploads\/2015\/01\/lluvia.jpg\"><img loading=\"lazy\" decoding=\"async\" class=\"alignleft size-medium wp-image-7143\" src=\"http:\/\/www.ecuadoraldia.com.ec\/wp-content\/uploads\/2015\/01\/lluvia-300x199.jpg\" alt=\"UIO CLIMA FRIO  EN QUITO        FOTO MIGUEL JIMENEZ EL TELEGRAFO\" width=\"300\" height=\"199\" srcset=\"https:\/\/www.ecuadoraldia.com.ec\/wp-content\/uploads\/2015\/01\/lluvia-300x199.jpg 300w, https:\/\/www.ecuadoraldia.com.ec\/wp-content\/uploads\/2015\/01\/lluvia.jpg 800w\" sizes=\"(max-width: 300px) 100vw, 300px\" \/><\/a>Un puente colapsado en la v\u00eda Guayaquil-Machala, deslaves en diferentes zonas de la sierra, alcantarillas desbordadas en Cuenca, hundimientos de la calzada en Napo y r\u00edos fuera de su cauce son las primeras consecuencias de las lluvias.<\/p>\n<p style=\"text-align: justify;\">En Quito y el puerto principal, si bien hubo chubascos en diferentes sectores, entre s\u00e1bado y domingo, los organismos de socorro no reportaron desastres.<\/p>\n<p style=\"text-align: justify;\">Producto de las intensas precipitaciones, a las 23:00 del s\u00e1bado, el puente sobre el r\u00edo Bonito, del cant\u00f3n El Guabo, se hundi\u00f3 y dej\u00f3 incomunicadas a las provincias de El Oro y Guayas.<br \/>\nLa lluvia inici\u00f3 cerca de las 17:00 y dur\u00f3 hasta las 22:30, tiempo suficiente para que el cauce creciera y ocasionase da\u00f1os en el viaducto. \u201cEsta es la primera lluvia que soportamos en el a\u00f1o e inund\u00f3 toda la casa. Notamos que hubo un hundimiento en la mitad de la estructura. Hubiera sido una desgracia ya que un tr\u00e1iler casi pasa por all\u00ed\u201d, dijo Mayra Rodr\u00edguez, quien habita a pocos metros de la zona.<\/p>\n<p style=\"text-align: justify;\">Cientos de viajeros hicieron transbordos y el Ministerio de Transporte y Obras P\u00fablicas anunci\u00f3 la colocaci\u00f3n de un puente bailey. El paso vehicular fue cerrado mientras que decenas de veh\u00edculos se aglomeraban para cruzar.<\/p>\n<p style=\"text-align: justify;\">Al lugar llegaron las autoridades provinciales, quienes anunciaron el cierre definitivo del puente. La ministra Paola Carvajal arrib\u00f3 a las 04:00 de ayer para constatar la situaci\u00f3n y dispuso que se suspenda el cobro del peaje, pues por la plataforma circulan 14 mil veh\u00edculos diariamente, seg\u00fan reportes del Peaje en R\u00edo Siete. Adem\u00e1s es una de las v\u00edas que conecta directamente con el norte peruano. \u201cLlevamos caminando 1 hora. Nadie nos ayuda y queremos llegar a Piura. Tenemos un vuelo para Lima\u201d, dijo una turista Argentina que iba a Per\u00fa.<\/p>\n<p style=\"text-align: justify;\">Carvajal explic\u00f3 que el puente bailey llegar\u00e1 hoy y se estima que est\u00e9 armado en aproximadamente 3 o 4 d\u00edas. Mientras tanto, las autoridades analizan la posibilidad de habilitar una v\u00eda alterna para la circulaci\u00f3n normal. \u201cNo descartamos declarar en emergencia la zona. Estamos ayudando con buses de la Polic\u00eda para que los ciudadanos que lleguen de Guayaquil se trasladen a Machala\u201d, dijo el gobernador de El Oro, Carlos Zambrano.<\/p>\n<p style=\"text-align: justify;\">En el sector de Pagua, perteneciente al mismo cant\u00f3n orense, se reportaron inundaciones. \u201cCientos de hect\u00e1reas de plantaciones est\u00e1n perdidas y aproximadamente 150 personas damnificadas\u201d, afirm\u00f3.<br \/>\nInundaciones y carros atrapados<\/p>\n<p style=\"text-align: justify;\">Las lluvias, aunque en menor intensidad, continuaron ayer en Cuenca, tras el torrencial aguacero registrado el s\u00e1bado en horas de la tarde que dej\u00f3 varias viviendas inundadas, calles destruidas y serios congestionamientos vehiculares.<\/p>\n<p style=\"text-align: justify;\">En la avenida 12 de Abril, frente a la Universidad de Cuenca, el asfalto cedi\u00f3 y se parti\u00f3. All\u00ed quedaron atrapados tres carros que luego fueron rescatados con la ayuda de los socorristas, trabajadores de la Municipalidad y ciudadanos.<\/p>\n<p style=\"text-align: justify;\">\u201cFue una tormenta que nadie esperaba, pero hemos tomado todas las precauciones\u201d, dijo la vicealcaldesa, Ruth Caldas, durante un recorrido por las zonas anegadas.<\/p>\n<p style=\"text-align: justify;\">En el sector de El Arenal se formaron grandes lagunas, mientras en la avenida Ord\u00f3\u00f1ez Lasso, los habitantes luchaban para evitar que el fluido ingresara a los hogares. Tuvieron que llamar al Cuerpo de Bomberos para que los asista.<\/p>\n<p style=\"text-align: justify;\">Galo S\u00e1nchez, funcionario de Gesti\u00f3n y Riesgos en el Austro, dijo que la situaci\u00f3n se complic\u00f3 con el taponamiento de sumideros y alcantarillas, debido a que los ciudadanos no los limpian en el verano. En Ca\u00f1ar, las lluvias tambi\u00e9n causaron inundaciones. (Tel\u00e9grafo)<\/p>\n","protected":false},"excerpt":{"rendered":"<p>Un puente colapsado en la v\u00eda Guayaquil-Machala, deslaves en diferentes zonas de la sierra, alcantarillas desbordadas en Cuenca, hundimientos de<\/p>\n","protected":false},"author":1,"featured_media":0,"comment_status":"open","ping_status":"open","sticky":false,"template":"","format":"standard","meta":{"footnotes":""},"categories":[1],"tags":[],"_links":{"self":[{"href":"https:\/\/www.ecuadoraldia.com.ec\/index.php?rest_route=\/wp\/v2\/posts\/7142"}],"collection":[{"href":"https:\/\/www.ecuadoraldia.com.ec\/index.php?rest_route=\/wp\/v2\/posts"}],"about":[{"href":"https:\/\/www.ecuadoraldia.com.ec\/index.php?rest_route=\/wp\/v2\/types\/post"}],"author":[{"embeddable":true,"href":"https:\/\/www.ecuadoraldia.com.ec\/index.php?rest_route=\/wp\/v2\/users\/1"}],"replies":[{"embeddable":true,"href":"https:\/\/www.ecuadoraldia.com.ec\/index.php?rest_route=%2Fwp%2Fv2%2Fcomments&post=7142"}],"version-history":[{"count":1,"href":"https:\/\/www.ecuadoraldia.com.ec\/index.php?rest_route=\/wp\/v2\/posts\/7142\/revisions"}],"predecessor-version":[{"id":7144,"href":"https:\/\/www.ecuadoraldia.com.ec\/index.php?rest_route=\/wp\/v2\/posts\/7142\/revisions\/7144"}],"wp:attachment":[{"href":"https:\/\/www.ecuadoraldia.com.ec\/index.php?rest_route=%2Fwp%2Fv2%2Fmedia&parent=7142"}],"wp:term":[{"taxonomy":"category","embeddable":true,"href":"https:\/\/www.ecuadoraldia.com.ec\/index.php?rest_route=%2Fwp%2Fv2%2Fcategories&post=7142"},{"taxonomy":"post_tag","embeddable":true,"href":"https:\/\/www.ecuadoraldia.com.ec\/index.php?rest_route=%2Fwp%2Fv2%2Ftags&post=7142"}],"curies":[{"name":"wp","href":"https:\/\/api.w.org\/{rel}","templated":true}]}}