{"id":7146,"date":"2015-01-19T23:55:26","date_gmt":"2015-01-19T23:55:26","guid":{"rendered":"http:\/\/www.ecuadoraldia.com.ec\/?p=7146"},"modified":"2015-01-19T23:55:26","modified_gmt":"2015-01-19T23:55:26","slug":"llegaron-a-el-guabo-las-piezas-del-puente-bailey","status":"publish","type":"post","link":"https:\/\/www.ecuadoraldia.com.ec\/?p=7146","title":{"rendered":"Llegaron a El Guabo las piezas del puente bailey"},"content":{"rendered":"<p style=\"text-align: justify;\"><a href=\"http:\/\/www.ecuadoraldia.com.ec\/wp-content\/uploads\/2015\/01\/PUENTE-BAILEY_.jpg\"><img loading=\"lazy\" decoding=\"async\" class=\"alignleft size-medium wp-image-7147\" src=\"http:\/\/www.ecuadoraldia.com.ec\/wp-content\/uploads\/2015\/01\/PUENTE-BAILEY_-300x168.jpg\" alt=\"PUENTE BAILEY_\" width=\"300\" height=\"168\" srcset=\"https:\/\/www.ecuadoraldia.com.ec\/wp-content\/uploads\/2015\/01\/PUENTE-BAILEY_-300x168.jpg 300w, https:\/\/www.ecuadoraldia.com.ec\/wp-content\/uploads\/2015\/01\/PUENTE-BAILEY_.jpg 450w\" sizes=\"(max-width: 300px) 100vw, 300px\" \/><\/a>La Gobernaci\u00f3n de El Oro, a traves de su cuenta en Facebook, inform\u00f3 que llegaron a El Guabo las primeras piezas del puente bailey a instalarse sobre el r\u00edo Bonito.<\/p>\n<p style=\"text-align: justify;\">La estructura de concreto que se encontraba en el sitio colaps\u00f3 la noche del s\u00e1bado a consecuencia de las torrenciales lluvias ca\u00eddas en los \u00faltimos d\u00edas.<\/p>\n<p style=\"text-align: justify;\">El viaducto permit\u00eda la conexi\u00f3n entre las provincias de Guayas y El Oro.<\/p>\n<p style=\"text-align: justify;\">Autoridades del Ministerio de Transporte y Obras P\u00fablicas (MTOP) anunciaron que en 3 o 4 d\u00edas se habilitar\u00eda el paso en este sector una vez que est\u00e9 armado el puente met\u00e1lico.<\/p>\n<p style=\"text-align: justify;\">Desde ayer, los veh\u00edculos que viajan al sur del pa\u00eds y viceversa deben tomar v\u00edas alternas por Cuenca, para llegar a sus destinos.<\/p>\n<p style=\"text-align: justify;\">Mientras, en Ponce Enr\u00edquez se instal\u00f3 el Comit\u00e9 de Operaciones Emergentes (COE) cantonal, debido a la crecida del r\u00edo.<\/p>\n<p style=\"text-align: justify;\">El ECU-911 del Austro monitorea los caudales de Cuenca y Gualaceo sin que se reporten novedades hasta ahora.<\/p>\n<p style=\"text-align: justify;\">El resto de centrales de emergencia del pa\u00eds no registran incidentes relacionados con la estaci\u00f3n invernal.<\/p>\n<p>&nbsp;<\/p>\n","protected":false},"excerpt":{"rendered":"<p>La Gobernaci\u00f3n de El Oro, a traves de su cuenta en Facebook, inform\u00f3 que llegaron a El Guabo las primeras<\/p>\n","protected":false},"author":1,"featured_media":0,"comment_status":"open","ping_status":"open","sticky":false,"template":"","format":"standard","meta":{"footnotes":""},"categories":[1],"tags":[],"_links":{"self":[{"href":"https:\/\/www.ecuadoraldia.com.ec\/index.php?rest_route=\/wp\/v2\/posts\/7146"}],"collection":[{"href":"https:\/\/www.ecuadoraldia.com.ec\/index.php?rest_route=\/wp\/v2\/posts"}],"about":[{"href":"https:\/\/www.ecuadoraldia.com.ec\/index.php?rest_route=\/wp\/v2\/types\/post"}],"author":[{"embeddable":true,"href":"https:\/\/www.ecuadoraldia.com.ec\/index.php?rest_route=\/wp\/v2\/users\/1"}],"replies":[{"embeddable":true,"href":"https:\/\/www.ecuadoraldia.com.ec\/index.php?rest_route=%2Fwp%2Fv2%2Fcomments&post=7146"}],"version-history":[{"count":1,"href":"https:\/\/www.ecuadoraldia.com.ec\/index.php?rest_route=\/wp\/v2\/posts\/7146\/revisions"}],"predecessor-version":[{"id":7148,"href":"https:\/\/www.ecuadoraldia.com.ec\/index.php?rest_route=\/wp\/v2\/posts\/7146\/revisions\/7148"}],"wp:attachment":[{"href":"https:\/\/www.ecuadoraldia.com.ec\/index.php?rest_route=%2Fwp%2Fv2%2Fmedia&parent=7146"}],"wp:term":[{"taxonomy":"category","embeddable":true,"href":"https:\/\/www.ecuadoraldia.com.ec\/index.php?rest_route=%2Fwp%2Fv2%2Fcategories&post=7146"},{"taxonomy":"post_tag","embeddable":true,"href":"https:\/\/www.ecuadoraldia.com.ec\/index.php?rest_route=%2Fwp%2Fv2%2Ftags&post=7146"}],"curies":[{"name":"wp","href":"https:\/\/api.w.org\/{rel}","templated":true}]}}